{"id":1007,"date":"2025-08-08T08:26:37","date_gmt":"2025-08-08T06:26:37","guid":{"rendered":"https:\/\/adc3r.com\/?p=1007"},"modified":"2025-08-08T08:26:38","modified_gmt":"2025-08-08T06:26:38","slug":"adc3r-journee-mondiale-du-froid","status":"publish","type":"post","link":"https:\/\/adc3r.com\/en\/adc3r-journee-mondiale-du-froid\/","title":{"rendered":"ADC3R &#8211; Journ\u00e9e mondiale du froid"},"content":{"rendered":"<p>L\u2019occasion parfaite pour mettre en lumi\u00e8re un secteur essentiel, souvent invisible\u2026 mais indispensable \u00e0 notre avenir.<br><br>Le secteur du froid est pr\u00e9sent partout dans nos vies :<br>&#8211; La cha\u00eene du froid pour la conservation des aliments,<br>&#8211; Le conditionnement de l\u2019air dans les logements, les b\u00e2timents publics, tertiaires et industriels<br>&#8211; Les applications industrielles du froid,<br>&#8211; Le refroidissement des serveurs informatiques\u2026<br>Des m\u00e9tiers techniques, \u00e9volutifs, porteurs de sens, au c\u0153ur des enjeux climatiques et \u00e9nerg\u00e9tiques.<br><br>Travailler dans le secteur du froid, c\u2019est :<br>\u2705 Se sentir utile<br>\u2705 R\u00e9pondre \u00e0 une forte demande du march\u00e9<br>\u2705 Agir pour la transition \u00e9nerg\u00e9tique<br>\u2705 Intervenir sur des syst\u00e8mes complexes et innovants<br><br>Les avantages du froid ont un impact direct sur la sant\u00e9 et le bien-\u00eatre des Europ\u00e9ens. Ces avantages directs correspondent \u00e0 huit des objectifs de d\u00e9veloppement durable des Nations unies. Ils comprennent notamment une augmentation de 15 % de la productivit\u00e9 de la main-d&rsquo;\u0153uvre et une r\u00e9duction des pertes et du gaspillage alimentaires.<br><br>Chez <a href=\"https:\/\/www.linkedin.com\/company\/adc3r\/\" target=\"_blank\" rel=\"noreferrer noopener\">ADC3R<\/a>, nous croyons en l\u2019avenir de ces m\u00e9tiers et en leur impact positif pour demain.<br><br>\ud83d\udc49 Envie d\u2019un m\u00e9tier concret, durable et porteur de sens ?<br>Rejoignez le secteur du froid !<a href=\"https:\/\/adc3r.com\/en\/\" target=\"_blank\" rel=\"noreferrer noopener\"> <\/a><\/p>","protected":false},"excerpt":{"rendered":"<p>L\u2019occasion parfaite pour mettre en lumi\u00e8re un secteur essentiel, souvent [&hellip;]<\/p>","protected":false},"author":1,"featured_media":1008,"comment_status":"closed","ping_status":"closed","sticky":false,"template":"","format":"standard","meta":[],"categories":[1],"tags":[],"yoast_head":"<!-- This site is optimized with the Yoast SEO plugin v17.6 - https:\/\/yoast.com\/wordpress\/plugins\/seo\/ -->\n<title>ADC3R - Journ\u00e9e mondiale du froid<\/title>\n<meta name=\"description\" content=\"ADC3R - Retrouvez toutes les r\u00e9glementations qui concernent les fluides frigorig\u00e8nes.Veuillez noter que toutes ces r\u00e9glementations...\" \/>\n<meta name=\"robots\" content=\"index, follow, max-snippet:-1, max-image-preview:large, max-video-preview:-1\" \/>\n<link rel=\"canonical\" href=\"https:\/\/adc3r.com\/en\/adc3r-journee-mondiale-du-froid\/\" \/>\n<meta property=\"og:locale\" content=\"en_GB\" \/>\n<meta property=\"og:type\" content=\"article\" \/>\n<meta property=\"og:title\" content=\"ADC3R - Journ\u00e9e mondiale du froid\" \/>\n<meta property=\"og:description\" content=\"ADC3R - Retrouvez toutes les r\u00e9glementations qui concernent les fluides frigorig\u00e8nes.Veuillez noter que toutes ces r\u00e9glementations...\" \/>\n<meta property=\"og:url\" content=\"https:\/\/adc3r.com\/en\/adc3r-journee-mondiale-du-froid\/\" \/>\n<meta property=\"og:site_name\" content=\"adc3r\" \/>\n<meta property=\"article:publisher\" content=\"https:\/\/www.facebook.com\/ADC3R\/\" \/>\n<meta property=\"article:published_time\" content=\"2025-08-08T06:26:37+00:00\" \/>\n<meta property=\"article:modified_time\" content=\"2025-08-08T06:26:38+00:00\" \/>\n<meta property=\"og:image\" content=\"https:\/\/adc3r.com\/wp-content\/uploads\/2025\/08\/Journe\u0301e-mondiale-du-froid.png\" \/>\n\t<meta property=\"og:image:width\" content=\"1200\" \/>\n\t<meta property=\"og:image:height\" content=\"1500\" \/>\n<meta name=\"twitter:card\" content=\"summary_large_image\" \/>\n<meta name=\"twitter:label1\" content=\"Written by\" \/>\n\t<meta name=\"twitter:data1\" content=\"album\" \/>\n\t<meta name=\"twitter:label2\" content=\"Estimated reading time\" \/>\n\t<meta name=\"twitter:data2\" content=\"1 minute\" \/>\n<script type=\"application\/ld+json\" class=\"yoast-schema-graph\">{\"@context\":\"https:\/\/schema.org\",\"@graph\":[{\"@type\":\"Organization\",\"@id\":\"https:\/\/adc3r.com\/#organization\",\"name\":\"ADC3R\",\"url\":\"https:\/\/adc3r.com\/\",\"sameAs\":[\"https:\/\/www.facebook.com\/ADC3R\/\",\"https:\/\/www.linkedin.com\/company\/adc3r\/\"],\"logo\":{\"@type\":\"ImageObject\",\"@id\":\"https:\/\/adc3r.com\/#logo\",\"inLanguage\":\"en-GB\",\"url\":\"https:\/\/adc3r.com\/wp-content\/uploads\/2021\/06\/cropped-Favicom-2.png\",\"contentUrl\":\"https:\/\/adc3r.com\/wp-content\/uploads\/2021\/06\/cropped-Favicom-2.png\",\"width\":512,\"height\":512,\"caption\":\"ADC3R\"},\"image\":{\"@id\":\"https:\/\/adc3r.com\/#logo\"}},{\"@type\":\"WebSite\",\"@id\":\"https:\/\/adc3r.com\/#website\",\"url\":\"https:\/\/adc3r.com\/\",\"name\":\"adc3r\",\"description\":\"ASSOCIATION DES DISTRIBUTEURS, CONDITIONNEURS,                             R\\u00c9CUP\\u00c9RATEURS, RETRAITEURS DE R\\u00c9FRIG\\u00c9RANTS\",\"publisher\":{\"@id\":\"https:\/\/adc3r.com\/#organization\"},\"potentialAction\":[{\"@type\":\"SearchAction\",\"target\":{\"@type\":\"EntryPoint\",\"urlTemplate\":\"https:\/\/adc3r.com\/?s={search_term_string}\"},\"query-input\":\"required name=search_term_string\"}],\"inLanguage\":\"en-GB\"},{\"@type\":\"ImageObject\",\"@id\":\"https:\/\/adc3r.com\/adc3r-journee-mondiale-du-froid\/#primaryimage\",\"inLanguage\":\"en-GB\",\"url\":\"https:\/\/adc3r.com\/wp-content\/uploads\/2025\/08\/Journe\\u0301e-mondiale-du-froid.png\",\"contentUrl\":\"https:\/\/adc3r.com\/wp-content\/uploads\/2025\/08\/Journe\\u0301e-mondiale-du-froid.png\",\"width\":1200,\"height\":1500,\"caption\":\"ADC3R\"},{\"@type\":\"WebPage\",\"@id\":\"https:\/\/adc3r.com\/adc3r-journee-mondiale-du-froid\/#webpage\",\"url\":\"https:\/\/adc3r.com\/adc3r-journee-mondiale-du-froid\/\",\"name\":\"ADC3R - Journ\\u00e9e mondiale du froid\",\"isPartOf\":{\"@id\":\"https:\/\/adc3r.com\/#website\"},\"primaryImageOfPage\":{\"@id\":\"https:\/\/adc3r.com\/adc3r-journee-mondiale-du-froid\/#primaryimage\"},\"datePublished\":\"2025-08-08T06:26:37+00:00\",\"dateModified\":\"2025-08-08T06:26:38+00:00\",\"description\":\"ADC3R - Retrouvez toutes les r\\u00e9glementations qui concernent les fluides frigorig\\u00e8nes.Veuillez noter que toutes ces r\\u00e9glementations...\",\"breadcrumb\":{\"@id\":\"https:\/\/adc3r.com\/adc3r-journee-mondiale-du-froid\/#breadcrumb\"},\"inLanguage\":\"en-GB\",\"potentialAction\":[{\"@type\":\"ReadAction\",\"target\":[\"https:\/\/adc3r.com\/adc3r-journee-mondiale-du-froid\/\"]}]},{\"@type\":\"BreadcrumbList\",\"@id\":\"https:\/\/adc3r.com\/adc3r-journee-mondiale-du-froid\/#breadcrumb\",\"itemListElement\":[{\"@type\":\"ListItem\",\"position\":1,\"name\":\"Accueil\",\"item\":\"https:\/\/adc3r.com\/\"},{\"@type\":\"ListItem\",\"position\":2,\"name\":\"ADC3R &#8211; Journ\\u00e9e mondiale du froid\"}]},{\"@type\":\"Article\",\"@id\":\"https:\/\/adc3r.com\/adc3r-journee-mondiale-du-froid\/#article\",\"isPartOf\":{\"@id\":\"https:\/\/adc3r.com\/adc3r-journee-mondiale-du-froid\/#webpage\"},\"author\":{\"@id\":\"https:\/\/adc3r.com\/#\/schema\/person\/54786f35dd8398a2f75d0ca56f0bde76\"},\"headline\":\"ADC3R &#8211; Journ\\u00e9e mondiale du froid\",\"datePublished\":\"2025-08-08T06:26:37+00:00\",\"dateModified\":\"2025-08-08T06:26:38+00:00\",\"mainEntityOfPage\":{\"@id\":\"https:\/\/adc3r.com\/adc3r-journee-mondiale-du-froid\/#webpage\"},\"wordCount\":212,\"publisher\":{\"@id\":\"https:\/\/adc3r.com\/#organization\"},\"image\":{\"@id\":\"https:\/\/adc3r.com\/adc3r-journee-mondiale-du-froid\/#primaryimage\"},\"thumbnailUrl\":\"https:\/\/adc3r.com\/wp-content\/uploads\/2025\/08\/Journe\\u0301e-mondiale-du-froid.png\",\"articleSection\":[\"Tous\"],\"inLanguage\":\"en-GB\"},{\"@type\":\"Person\",\"@id\":\"https:\/\/adc3r.com\/#\/schema\/person\/54786f35dd8398a2f75d0ca56f0bde76\",\"name\":\"album\",\"sameAs\":[\"https:\/\/adc3r.com\"],\"url\":\"https:\/\/adc3r.com\/en\/author\/album\/\"}]}<\/script>\n<!-- \/ Yoast SEO plugin. -->","yoast_head_json":{"title":"ADC3R - Journ\u00e9e mondiale du froid","description":"ADC3R - Retrouvez toutes les r\u00e9glementations qui concernent les fluides frigorig\u00e8nes.Veuillez noter que toutes ces r\u00e9glementations...","robots":{"index":"index","follow":"follow","max-snippet":"max-snippet:-1","max-image-preview":"max-image-preview:large","max-video-preview":"max-video-preview:-1"},"canonical":"https:\/\/adc3r.com\/en\/adc3r-journee-mondiale-du-froid\/","og_locale":"en_GB","og_type":"article","og_title":"ADC3R - Journ\u00e9e mondiale du froid","og_description":"ADC3R - Retrouvez toutes les r\u00e9glementations qui concernent les fluides frigorig\u00e8nes.Veuillez noter que toutes ces r\u00e9glementations...","og_url":"https:\/\/adc3r.com\/en\/adc3r-journee-mondiale-du-froid\/","og_site_name":"adc3r","article_publisher":"https:\/\/www.facebook.com\/ADC3R\/","article_published_time":"2025-08-08T06:26:37+00:00","article_modified_time":"2025-08-08T06:26:38+00:00","og_image":[{"width":1200,"height":1500,"url":"https:\/\/adc3r.com\/wp-content\/uploads\/2025\/08\/Journe\u0301e-mondiale-du-froid.png","type":"image\/png"}],"twitter_card":"summary_large_image","twitter_misc":{"Written by":"album","Estimated reading time":"1 minute"},"schema":{"@context":"https:\/\/schema.org","@graph":[{"@type":"Organization","@id":"https:\/\/adc3r.com\/#organization","name":"ADC3R","url":"https:\/\/adc3r.com\/","sameAs":["https:\/\/www.facebook.com\/ADC3R\/","https:\/\/www.linkedin.com\/company\/adc3r\/"],"logo":{"@type":"ImageObject","@id":"https:\/\/adc3r.com\/#logo","inLanguage":"en-GB","url":"https:\/\/adc3r.com\/wp-content\/uploads\/2021\/06\/cropped-Favicom-2.png","contentUrl":"https:\/\/adc3r.com\/wp-content\/uploads\/2021\/06\/cropped-Favicom-2.png","width":512,"height":512,"caption":"ADC3R"},"image":{"@id":"https:\/\/adc3r.com\/#logo"}},{"@type":"WebSite","@id":"https:\/\/adc3r.com\/#website","url":"https:\/\/adc3r.com\/","name":"adc3r","description":"ASSOCIATION DES DISTRIBUTEURS, CONDITIONNEURS,                             R\u00c9CUP\u00c9RATEURS, RETRAITEURS DE R\u00c9FRIG\u00c9RANTS","publisher":{"@id":"https:\/\/adc3r.com\/#organization"},"potentialAction":[{"@type":"SearchAction","target":{"@type":"EntryPoint","urlTemplate":"https:\/\/adc3r.com\/?s={search_term_string}"},"query-input":"required name=search_term_string"}],"inLanguage":"en-GB"},{"@type":"ImageObject","@id":"https:\/\/adc3r.com\/adc3r-journee-mondiale-du-froid\/#primaryimage","inLanguage":"en-GB","url":"https:\/\/adc3r.com\/wp-content\/uploads\/2025\/08\/Journe\u0301e-mondiale-du-froid.png","contentUrl":"https:\/\/adc3r.com\/wp-content\/uploads\/2025\/08\/Journe\u0301e-mondiale-du-froid.png","width":1200,"height":1500,"caption":"ADC3R"},{"@type":"WebPage","@id":"https:\/\/adc3r.com\/adc3r-journee-mondiale-du-froid\/#webpage","url":"https:\/\/adc3r.com\/adc3r-journee-mondiale-du-froid\/","name":"ADC3R - Journ\u00e9e mondiale du froid","isPartOf":{"@id":"https:\/\/adc3r.com\/#website"},"primaryImageOfPage":{"@id":"https:\/\/adc3r.com\/adc3r-journee-mondiale-du-froid\/#primaryimage"},"datePublished":"2025-08-08T06:26:37+00:00","dateModified":"2025-08-08T06:26:38+00:00","description":"ADC3R - Retrouvez toutes les r\u00e9glementations qui concernent les fluides frigorig\u00e8nes.Veuillez noter que toutes ces r\u00e9glementations...","breadcrumb":{"@id":"https:\/\/adc3r.com\/adc3r-journee-mondiale-du-froid\/#breadcrumb"},"inLanguage":"en-GB","potentialAction":[{"@type":"ReadAction","target":["https:\/\/adc3r.com\/adc3r-journee-mondiale-du-froid\/"]}]},{"@type":"BreadcrumbList","@id":"https:\/\/adc3r.com\/adc3r-journee-mondiale-du-froid\/#breadcrumb","itemListElement":[{"@type":"ListItem","position":1,"name":"Accueil","item":"https:\/\/adc3r.com\/"},{"@type":"ListItem","position":2,"name":"ADC3R &#8211; Journ\u00e9e mondiale du froid"}]},{"@type":"Article","@id":"https:\/\/adc3r.com\/adc3r-journee-mondiale-du-froid\/#article","isPartOf":{"@id":"https:\/\/adc3r.com\/adc3r-journee-mondiale-du-froid\/#webpage"},"author":{"@id":"https:\/\/adc3r.com\/#\/schema\/person\/54786f35dd8398a2f75d0ca56f0bde76"},"headline":"ADC3R &#8211; Journ\u00e9e mondiale du froid","datePublished":"2025-08-08T06:26:37+00:00","dateModified":"2025-08-08T06:26:38+00:00","mainEntityOfPage":{"@id":"https:\/\/adc3r.com\/adc3r-journee-mondiale-du-froid\/#webpage"},"wordCount":212,"publisher":{"@id":"https:\/\/adc3r.com\/#organization"},"image":{"@id":"https:\/\/adc3r.com\/adc3r-journee-mondiale-du-froid\/#primaryimage"},"thumbnailUrl":"https:\/\/adc3r.com\/wp-content\/uploads\/2025\/08\/Journe\u0301e-mondiale-du-froid.png","articleSection":["Tous"],"inLanguage":"en-GB"},{"@type":"Person","@id":"https:\/\/adc3r.com\/#\/schema\/person\/54786f35dd8398a2f75d0ca56f0bde76","name":"album","sameAs":["https:\/\/adc3r.com"],"url":"https:\/\/adc3r.com\/en\/author\/album\/"}]}},"_links":{"self":[{"href":"https:\/\/adc3r.com\/en\/wp-json\/wp\/v2\/posts\/1007"}],"collection":[{"href":"https:\/\/adc3r.com\/en\/wp-json\/wp\/v2\/posts"}],"about":[{"href":"https:\/\/adc3r.com\/en\/wp-json\/wp\/v2\/types\/post"}],"author":[{"embeddable":true,"href":"https:\/\/adc3r.com\/en\/wp-json\/wp\/v2\/users\/1"}],"replies":[{"embeddable":true,"href":"https:\/\/adc3r.com\/en\/wp-json\/wp\/v2\/comments?post=1007"}],"version-history":[{"count":1,"href":"https:\/\/adc3r.com\/en\/wp-json\/wp\/v2\/posts\/1007\/revisions"}],"predecessor-version":[{"id":1009,"href":"https:\/\/adc3r.com\/en\/wp-json\/wp\/v2\/posts\/1007\/revisions\/1009"}],"wp:featuredmedia":[{"embeddable":true,"href":"https:\/\/adc3r.com\/en\/wp-json\/wp\/v2\/media\/1008"}],"wp:attachment":[{"href":"https:\/\/adc3r.com\/en\/wp-json\/wp\/v2\/media?parent=1007"}],"wp:term":[{"taxonomy":"category","embeddable":true,"href":"https:\/\/adc3r.com\/en\/wp-json\/wp\/v2\/categories?post=1007"},{"taxonomy":"post_tag","embeddable":true,"href":"https:\/\/adc3r.com\/en\/wp-json\/wp\/v2\/tags?post=1007"}],"curies":[{"name":"wp","href":"https:\/\/api.w.org\/{rel}","templated":true}]}}