{"id":712,"date":"2016-07-18T14:49:00","date_gmt":"2016-07-18T12:49:00","guid":{"rendered":"https:\/\/adc3r.agencealbum.com\/?p=712"},"modified":"2021-10-18T18:19:51","modified_gmt":"2021-10-18T16:19:51","slug":"le-modele-francais-de-recuperation-et-regeneration-des-gesf-presente-aux-nations-unis","status":"publish","type":"post","link":"https:\/\/adc3r.com\/en\/le-modele-francais-de-recuperation-et-regeneration-des-gesf-presente-aux-nations-unis\/","title":{"rendered":"The French model of recovery and regeneration of GESF presented to the United Nations"},"content":{"rendered":"<p>18\/07\/2016<\/p>\n\n\n\n<p>The French model of recuperation and regeneration of GESF presented to United Nations: How France avoided 45 MT Eq CO2 with the CFC, HCFC, HFC reclaim for 22 years?<\/p>\n\n\n\n<p class=\" translation-block\">It was the answer given by the ADC3R (association of distributors, fillers, recoverers and reclaimers of refrigerants), the last 21st of July, to the question asked during the 38th edition of Working Group at non-limited composition of parties at Montreal Protocol organized at United Nations in Vienna.\nThe association has presented during a \u201cside event\u201d, more than 20 years of efforts in favor of climate: a French initiative, innovative, voluntary and responsible for the control of emissions from thermodynamic systems, which implement fluorinated greenhouse gases.\nThe event, organized by ADC3R and animated by Ray Gluckman, has aroused a great interest, gathering more than 50 representants of parties around a complete agenda, between presentations, video animations and expert debate. \nClimalife exposed the French system of collection, of analyze, of recycle and of regeneration of GESF that allow avoiding 45 MT Eq CO21 emission between 1993 and 2013. \nThe Australian process, near of the French one, has been presented by Greg Picker, CEO of Refrigerant Australia. \nOther remarked intervening, Silvia Romano, EPEE\u2019s representant, has presented the results of the study of impacts and roadmap of F-Gas II (Gapometer) by insisting on the implementation of effective recovery of GESF. \nNick Campbel, environnemental manager at Arkema, representant of EFCTC, has presented the position of fluorinated refrigerants producers. \nADC3R has also revealed, for the first time, their logo link to their charter GESCAPTURE, which will allow actors of refrigeration and air conditioning to testify their engagement in favor of climate via the respect of good practices. The control of refrigerants life cycle will allow by the year 2030, to avoid 68 Mt \u00e9q. CO2 emission according to a joint study of the Chaire Economie du Climat Paris Dauphine and Armines Centre Paristech. \nThat is close to 2 years of emissions of French car park.<\/p>\n\n\n\n<ol type=\"1\"><li>Avoided emissions calculated through an official study conducted by CITEPA and the Chaire Economie du Climat Paris Dauphine.<\/li><\/ol>\n\n\n\n<ul><li>Vienna International Centre, Vienna, Austria<\/li><li>Date: 21 July 2016<\/li><li>Place: Press Room<\/li><li>Time: 1:00 \u2013 3:00 p.m.<\/li><li><a href=\"https:\/\/audencia0-my.sharepoint.com\/personal\/manon_petitgand_audencia_com\/Documents\/Lire\">Read \u201cThe EPEE Gapometer\u201d<\/a>&nbsp;=&nbsp;<a href=\"https:\/\/adc3r.com\/wp-content\/uploads\/Gapometer-21072016.pdf\">https:\/\/adc3r.com\/wp-content\/uploads\/Gapometer-21072016.pdf<\/a><\/li><li><a href=\"https:\/\/audencia0-my.sharepoint.com\/personal\/manon_petitgand_audencia_com\/Documents\/Lire\">Read \u201cUNEP Presentation\u201d<\/a>&nbsp;=&nbsp;<a href=\"https:\/\/adc3r.com\/wp-content\/uploads\/UNEP-presentation.pdf\">https:\/\/adc3r.com\/wp-content\/uploads\/UNEP-presentation.pdf<\/a><\/li><\/ul>\n\n\n\n<p><\/p>","protected":false},"excerpt":{"rendered":"<p>The French model of recuperation and regeneration of GESF presented to United Nations: How France avoided 45 MT Eq CO2 with the CFC, HCFC, HFC reclaim for 22 years?<\/p>","protected":false},"author":2,"featured_media":840,"comment_status":"closed","ping_status":"","sticky":false,"template":"","format":"standard","meta":[],"categories":[1],"tags":[],"yoast_head":"<!-- This site is optimized with the Yoast SEO plugin v17.6 - https:\/\/yoast.com\/wordpress\/plugins\/seo\/ -->\n<title>adc3r - Le mod\u00e8le fran\u00e7ais de r\u00e9cup\u00e9ration et r\u00e9g\u00e9n\u00e9ration des GESF pr\u00e9sent\u00e9 aux Nations Unis<\/title>\n<meta name=\"robots\" content=\"index, follow, max-snippet:-1, max-image-preview:large, max-video-preview:-1\" \/>\n<link rel=\"canonical\" href=\"https:\/\/adc3r.com\/en\/le-modele-francais-de-recuperation-et-regeneration-des-gesf-presente-aux-nations-unis\/\" \/>\n<meta property=\"og:locale\" content=\"en_GB\" \/>\n<meta property=\"og:type\" content=\"article\" \/>\n<meta property=\"og:title\" content=\"adc3r - Le mod\u00e8le fran\u00e7ais de r\u00e9cup\u00e9ration et r\u00e9g\u00e9n\u00e9ration des GESF pr\u00e9sent\u00e9 aux Nations Unis\" \/>\n<meta property=\"og:description\" content=\"Le mod\u00e8le fran\u00e7ais de r\u00e9cup\u00e9ration et r\u00e9g\u00e9n\u00e9ration des GESF pr\u00e9sent\u00e9 aux Nations Unies : comment la France est-elle parvenue \u00e0 \u00e9viter l\u2019\u00e9mission de 45 Mt \u00e9q. CO2 ?\" \/>\n<meta property=\"og:url\" content=\"https:\/\/adc3r.com\/en\/le-modele-francais-de-recuperation-et-regeneration-des-gesf-presente-aux-nations-unis\/\" \/>\n<meta property=\"og:site_name\" content=\"adc3r\" \/>\n<meta property=\"article:publisher\" content=\"https:\/\/www.facebook.com\/ADC3R\/\" \/>\n<meta property=\"article:published_time\" content=\"2016-07-18T12:49:00+00:00\" \/>\n<meta property=\"article:modified_time\" content=\"2021-10-18T16:19:51+00:00\" \/>\n<meta property=\"og:image\" content=\"https:\/\/adc3r.com\/wp-content\/uploads\/2021\/10\/3EB8BD4F-C91C-4EEF-92FB-6EA78BE88112-scaled.jpeg\" \/>\n\t<meta property=\"og:image:width\" content=\"2560\" \/>\n\t<meta property=\"og:image:height\" content=\"1920\" \/>\n<meta name=\"twitter:card\" content=\"summary_large_image\" \/>\n<meta name=\"twitter:label1\" content=\"Written by\" \/>\n\t<meta name=\"twitter:data1\" content=\"adc3redition\" \/>\n\t<meta name=\"twitter:label2\" content=\"Estimated reading time\" \/>\n\t<meta name=\"twitter:data2\" content=\"2 minutes\" \/>\n<script type=\"application\/ld+json\" class=\"yoast-schema-graph\">{\"@context\":\"https:\/\/schema.org\",\"@graph\":[{\"@type\":\"Organization\",\"@id\":\"https:\/\/adc3r.com\/#organization\",\"name\":\"ADC3R\",\"url\":\"https:\/\/adc3r.com\/\",\"sameAs\":[\"https:\/\/www.facebook.com\/ADC3R\/\",\"https:\/\/www.linkedin.com\/company\/adc3r\/\"],\"logo\":{\"@type\":\"ImageObject\",\"@id\":\"https:\/\/adc3r.com\/#logo\",\"inLanguage\":\"en-GB\",\"url\":\"https:\/\/adc3r.com\/wp-content\/uploads\/2021\/06\/cropped-Favicom-2.png\",\"contentUrl\":\"https:\/\/adc3r.com\/wp-content\/uploads\/2021\/06\/cropped-Favicom-2.png\",\"width\":512,\"height\":512,\"caption\":\"ADC3R\"},\"image\":{\"@id\":\"https:\/\/adc3r.com\/#logo\"}},{\"@type\":\"WebSite\",\"@id\":\"https:\/\/adc3r.com\/#website\",\"url\":\"https:\/\/adc3r.com\/\",\"name\":\"adc3r\",\"description\":\"ASSOCIATION DES DISTRIBUTEURS, CONDITIONNEURS,                             R\\u00c9CUP\\u00c9RATEURS, RETRAITEURS DE R\\u00c9FRIG\\u00c9RANTS\",\"publisher\":{\"@id\":\"https:\/\/adc3r.com\/#organization\"},\"potentialAction\":[{\"@type\":\"SearchAction\",\"target\":{\"@type\":\"EntryPoint\",\"urlTemplate\":\"https:\/\/adc3r.com\/?s={search_term_string}\"},\"query-input\":\"required name=search_term_string\"}],\"inLanguage\":\"en-GB\"},{\"@type\":\"ImageObject\",\"@id\":\"https:\/\/adc3r.com\/le-modele-francais-de-recuperation-et-regeneration-des-gesf-presente-aux-nations-unis\/#primaryimage\",\"inLanguage\":\"en-GB\",\"url\":\"https:\/\/adc3r.com\/wp-content\/uploads\/2021\/10\/3EB8BD4F-C91C-4EEF-92FB-6EA78BE88112-scaled.jpeg\",\"contentUrl\":\"https:\/\/adc3r.com\/wp-content\/uploads\/2021\/10\/3EB8BD4F-C91C-4EEF-92FB-6EA78BE88112-scaled.jpeg\",\"width\":2560,\"height\":1920,\"caption\":\"ADC3R\"},{\"@type\":\"WebPage\",\"@id\":\"https:\/\/adc3r.com\/le-modele-francais-de-recuperation-et-regeneration-des-gesf-presente-aux-nations-unis\/#webpage\",\"url\":\"https:\/\/adc3r.com\/le-modele-francais-de-recuperation-et-regeneration-des-gesf-presente-aux-nations-unis\/\",\"name\":\"adc3r - Le mod\\u00e8le fran\\u00e7ais de r\\u00e9cup\\u00e9ration et r\\u00e9g\\u00e9n\\u00e9ration des GESF pr\\u00e9sent\\u00e9 aux Nations Unis\",\"isPartOf\":{\"@id\":\"https:\/\/adc3r.com\/#website\"},\"primaryImageOfPage\":{\"@id\":\"https:\/\/adc3r.com\/le-modele-francais-de-recuperation-et-regeneration-des-gesf-presente-aux-nations-unis\/#primaryimage\"},\"datePublished\":\"2016-07-18T12:49:00+00:00\",\"dateModified\":\"2021-10-18T16:19:51+00:00\",\"breadcrumb\":{\"@id\":\"https:\/\/adc3r.com\/le-modele-francais-de-recuperation-et-regeneration-des-gesf-presente-aux-nations-unis\/#breadcrumb\"},\"inLanguage\":\"en-GB\",\"potentialAction\":[{\"@type\":\"ReadAction\",\"target\":[\"https:\/\/adc3r.com\/le-modele-francais-de-recuperation-et-regeneration-des-gesf-presente-aux-nations-unis\/\"]}]},{\"@type\":\"BreadcrumbList\",\"@id\":\"https:\/\/adc3r.com\/le-modele-francais-de-recuperation-et-regeneration-des-gesf-presente-aux-nations-unis\/#breadcrumb\",\"itemListElement\":[{\"@type\":\"ListItem\",\"position\":1,\"name\":\"Accueil\",\"item\":\"https:\/\/adc3r.com\/\"},{\"@type\":\"ListItem\",\"position\":2,\"name\":\"Le mod\\u00e8le fran\\u00e7ais de r\\u00e9cup\\u00e9ration et r\\u00e9g\\u00e9n\\u00e9ration des GESF pr\\u00e9sent\\u00e9 aux Nations Unis\"}]},{\"@type\":\"Article\",\"@id\":\"https:\/\/adc3r.com\/le-modele-francais-de-recuperation-et-regeneration-des-gesf-presente-aux-nations-unis\/#article\",\"isPartOf\":{\"@id\":\"https:\/\/adc3r.com\/le-modele-francais-de-recuperation-et-regeneration-des-gesf-presente-aux-nations-unis\/#webpage\"},\"author\":{\"@id\":\"https:\/\/adc3r.com\/#\/schema\/person\/9f77d2f7eb2c514ac6ced106872151ab\"},\"headline\":\"Le mod\\u00e8le fran\\u00e7ais de r\\u00e9cup\\u00e9ration et r\\u00e9g\\u00e9n\\u00e9ration des GESF pr\\u00e9sent\\u00e9 aux Nations Unis\",\"datePublished\":\"2016-07-18T12:49:00+00:00\",\"dateModified\":\"2021-10-18T16:19:51+00:00\",\"mainEntityOfPage\":{\"@id\":\"https:\/\/adc3r.com\/le-modele-francais-de-recuperation-et-regeneration-des-gesf-presente-aux-nations-unis\/#webpage\"},\"wordCount\":487,\"publisher\":{\"@id\":\"https:\/\/adc3r.com\/#organization\"},\"image\":{\"@id\":\"https:\/\/adc3r.com\/le-modele-francais-de-recuperation-et-regeneration-des-gesf-presente-aux-nations-unis\/#primaryimage\"},\"thumbnailUrl\":\"https:\/\/adc3r.com\/wp-content\/uploads\/2021\/10\/3EB8BD4F-C91C-4EEF-92FB-6EA78BE88112-scaled.jpeg\",\"articleSection\":[\"Tous\"],\"inLanguage\":\"en-GB\"},{\"@type\":\"Person\",\"@id\":\"https:\/\/adc3r.com\/#\/schema\/person\/9f77d2f7eb2c514ac6ced106872151ab\",\"name\":\"adc3redition\",\"url\":\"https:\/\/adc3r.com\/en\/author\/adc3redition\/\"}]}<\/script>\n<!-- \/ Yoast SEO plugin. -->","yoast_head_json":{"title":"adc3r - Le mod\u00e8le fran\u00e7ais de r\u00e9cup\u00e9ration et r\u00e9g\u00e9n\u00e9ration des GESF pr\u00e9sent\u00e9 aux Nations Unis","robots":{"index":"index","follow":"follow","max-snippet":"max-snippet:-1","max-image-preview":"max-image-preview:large","max-video-preview":"max-video-preview:-1"},"canonical":"https:\/\/adc3r.com\/en\/le-modele-francais-de-recuperation-et-regeneration-des-gesf-presente-aux-nations-unis\/","og_locale":"en_GB","og_type":"article","og_title":"adc3r - Le mod\u00e8le fran\u00e7ais de r\u00e9cup\u00e9ration et r\u00e9g\u00e9n\u00e9ration des GESF pr\u00e9sent\u00e9 aux Nations Unis","og_description":"Le mod\u00e8le fran\u00e7ais de r\u00e9cup\u00e9ration et r\u00e9g\u00e9n\u00e9ration des GESF pr\u00e9sent\u00e9 aux Nations Unies : comment la France est-elle parvenue \u00e0 \u00e9viter l\u2019\u00e9mission de 45 Mt \u00e9q. CO2 ?","og_url":"https:\/\/adc3r.com\/en\/le-modele-francais-de-recuperation-et-regeneration-des-gesf-presente-aux-nations-unis\/","og_site_name":"adc3r","article_publisher":"https:\/\/www.facebook.com\/ADC3R\/","article_published_time":"2016-07-18T12:49:00+00:00","article_modified_time":"2021-10-18T16:19:51+00:00","og_image":[{"width":2560,"height":1920,"url":"https:\/\/adc3r.com\/wp-content\/uploads\/2021\/10\/3EB8BD4F-C91C-4EEF-92FB-6EA78BE88112-scaled.jpeg","type":"image\/jpeg"}],"twitter_card":"summary_large_image","twitter_misc":{"Written by":"adc3redition","Estimated reading time":"2 minutes"},"schema":{"@context":"https:\/\/schema.org","@graph":[{"@type":"Organization","@id":"https:\/\/adc3r.com\/#organization","name":"ADC3R","url":"https:\/\/adc3r.com\/","sameAs":["https:\/\/www.facebook.com\/ADC3R\/","https:\/\/www.linkedin.com\/company\/adc3r\/"],"logo":{"@type":"ImageObject","@id":"https:\/\/adc3r.com\/#logo","inLanguage":"en-GB","url":"https:\/\/adc3r.com\/wp-content\/uploads\/2021\/06\/cropped-Favicom-2.png","contentUrl":"https:\/\/adc3r.com\/wp-content\/uploads\/2021\/06\/cropped-Favicom-2.png","width":512,"height":512,"caption":"ADC3R"},"image":{"@id":"https:\/\/adc3r.com\/#logo"}},{"@type":"WebSite","@id":"https:\/\/adc3r.com\/#website","url":"https:\/\/adc3r.com\/","name":"adc3r","description":"ASSOCIATION DES DISTRIBUTEURS, CONDITIONNEURS,                             R\u00c9CUP\u00c9RATEURS, RETRAITEURS DE R\u00c9FRIG\u00c9RANTS","publisher":{"@id":"https:\/\/adc3r.com\/#organization"},"potentialAction":[{"@type":"SearchAction","target":{"@type":"EntryPoint","urlTemplate":"https:\/\/adc3r.com\/?s={search_term_string}"},"query-input":"required name=search_term_string"}],"inLanguage":"en-GB"},{"@type":"ImageObject","@id":"https:\/\/adc3r.com\/le-modele-francais-de-recuperation-et-regeneration-des-gesf-presente-aux-nations-unis\/#primaryimage","inLanguage":"en-GB","url":"https:\/\/adc3r.com\/wp-content\/uploads\/2021\/10\/3EB8BD4F-C91C-4EEF-92FB-6EA78BE88112-scaled.jpeg","contentUrl":"https:\/\/adc3r.com\/wp-content\/uploads\/2021\/10\/3EB8BD4F-C91C-4EEF-92FB-6EA78BE88112-scaled.jpeg","width":2560,"height":1920,"caption":"ADC3R"},{"@type":"WebPage","@id":"https:\/\/adc3r.com\/le-modele-francais-de-recuperation-et-regeneration-des-gesf-presente-aux-nations-unis\/#webpage","url":"https:\/\/adc3r.com\/le-modele-francais-de-recuperation-et-regeneration-des-gesf-presente-aux-nations-unis\/","name":"adc3r - Le mod\u00e8le fran\u00e7ais de r\u00e9cup\u00e9ration et r\u00e9g\u00e9n\u00e9ration des GESF pr\u00e9sent\u00e9 aux Nations Unis","isPartOf":{"@id":"https:\/\/adc3r.com\/#website"},"primaryImageOfPage":{"@id":"https:\/\/adc3r.com\/le-modele-francais-de-recuperation-et-regeneration-des-gesf-presente-aux-nations-unis\/#primaryimage"},"datePublished":"2016-07-18T12:49:00+00:00","dateModified":"2021-10-18T16:19:51+00:00","breadcrumb":{"@id":"https:\/\/adc3r.com\/le-modele-francais-de-recuperation-et-regeneration-des-gesf-presente-aux-nations-unis\/#breadcrumb"},"inLanguage":"en-GB","potentialAction":[{"@type":"ReadAction","target":["https:\/\/adc3r.com\/le-modele-francais-de-recuperation-et-regeneration-des-gesf-presente-aux-nations-unis\/"]}]},{"@type":"BreadcrumbList","@id":"https:\/\/adc3r.com\/le-modele-francais-de-recuperation-et-regeneration-des-gesf-presente-aux-nations-unis\/#breadcrumb","itemListElement":[{"@type":"ListItem","position":1,"name":"Accueil","item":"https:\/\/adc3r.com\/"},{"@type":"ListItem","position":2,"name":"Le mod\u00e8le fran\u00e7ais de r\u00e9cup\u00e9ration et r\u00e9g\u00e9n\u00e9ration des GESF pr\u00e9sent\u00e9 aux Nations Unis"}]},{"@type":"Article","@id":"https:\/\/adc3r.com\/le-modele-francais-de-recuperation-et-regeneration-des-gesf-presente-aux-nations-unis\/#article","isPartOf":{"@id":"https:\/\/adc3r.com\/le-modele-francais-de-recuperation-et-regeneration-des-gesf-presente-aux-nations-unis\/#webpage"},"author":{"@id":"https:\/\/adc3r.com\/#\/schema\/person\/9f77d2f7eb2c514ac6ced106872151ab"},"headline":"Le mod\u00e8le fran\u00e7ais de r\u00e9cup\u00e9ration et r\u00e9g\u00e9n\u00e9ration des GESF pr\u00e9sent\u00e9 aux Nations Unis","datePublished":"2016-07-18T12:49:00+00:00","dateModified":"2021-10-18T16:19:51+00:00","mainEntityOfPage":{"@id":"https:\/\/adc3r.com\/le-modele-francais-de-recuperation-et-regeneration-des-gesf-presente-aux-nations-unis\/#webpage"},"wordCount":487,"publisher":{"@id":"https:\/\/adc3r.com\/#organization"},"image":{"@id":"https:\/\/adc3r.com\/le-modele-francais-de-recuperation-et-regeneration-des-gesf-presente-aux-nations-unis\/#primaryimage"},"thumbnailUrl":"https:\/\/adc3r.com\/wp-content\/uploads\/2021\/10\/3EB8BD4F-C91C-4EEF-92FB-6EA78BE88112-scaled.jpeg","articleSection":["Tous"],"inLanguage":"en-GB"},{"@type":"Person","@id":"https:\/\/adc3r.com\/#\/schema\/person\/9f77d2f7eb2c514ac6ced106872151ab","name":"adc3redition","url":"https:\/\/adc3r.com\/en\/author\/adc3redition\/"}]}},"_links":{"self":[{"href":"https:\/\/adc3r.com\/en\/wp-json\/wp\/v2\/posts\/712"}],"collection":[{"href":"https:\/\/adc3r.com\/en\/wp-json\/wp\/v2\/posts"}],"about":[{"href":"https:\/\/adc3r.com\/en\/wp-json\/wp\/v2\/types\/post"}],"author":[{"embeddable":true,"href":"https:\/\/adc3r.com\/en\/wp-json\/wp\/v2\/users\/2"}],"replies":[{"embeddable":true,"href":"https:\/\/adc3r.com\/en\/wp-json\/wp\/v2\/comments?post=712"}],"version-history":[{"count":2,"href":"https:\/\/adc3r.com\/en\/wp-json\/wp\/v2\/posts\/712\/revisions"}],"predecessor-version":[{"id":865,"href":"https:\/\/adc3r.com\/en\/wp-json\/wp\/v2\/posts\/712\/revisions\/865"}],"wp:featuredmedia":[{"embeddable":true,"href":"https:\/\/adc3r.com\/en\/wp-json\/wp\/v2\/media\/840"}],"wp:attachment":[{"href":"https:\/\/adc3r.com\/en\/wp-json\/wp\/v2\/media?parent=712"}],"wp:term":[{"taxonomy":"category","embeddable":true,"href":"https:\/\/adc3r.com\/en\/wp-json\/wp\/v2\/categories?post=712"},{"taxonomy":"post_tag","embeddable":true,"href":"https:\/\/adc3r.com\/en\/wp-json\/wp\/v2\/tags?post=712"}],"curies":[{"name":"wp","href":"https:\/\/api.w.org\/{rel}","templated":true}]}}