{"id":714,"date":"2016-07-21T14:51:00","date_gmt":"2016-07-21T12:51:00","guid":{"rendered":"https:\/\/adc3r.agencealbum.com\/?p=714"},"modified":"2021-10-18T18:24:54","modified_gmt":"2021-10-18T16:24:54","slug":"aux-nations-unies-le-systeme-francais-de-gestion-de-fin-de-vie-des-ges-fluores-a-lhonneur","status":"publish","type":"post","link":"https:\/\/adc3r.com\/en\/aux-nations-unies-le-systeme-francais-de-gestion-de-fin-de-vie-des-ges-fluores-a-lhonneur\/","title":{"rendered":"At the United Nations, the French end-of-life management system of fluorinated GES is honored"},"content":{"rendered":"<p>The RPF | 21\/07\/2016 | Read the article (in French only):&nbsp;<a href=\"http:\/\/larpf.fr\/Actualites\/ACTUALITES\/Fiche\/7317\/Aux-Nations-Unis%252C-le-systeme-francais-de-gestion-de-fin-de-vie-des-GES-fluores-a-l-honneur#.V_-bVSRS2Hk\">larpf.fr<\/a>&nbsp;<\/p>","protected":false},"excerpt":{"rendered":"<p>Article on La RPF<\/p>","protected":false},"author":2,"featured_media":829,"comment_status":"closed","ping_status":"","sticky":false,"template":"","format":"standard","meta":[],"categories":[1],"tags":[],"yoast_head":"<!-- This site is optimized with the Yoast SEO plugin v17.6 - https:\/\/yoast.com\/wordpress\/plugins\/seo\/ -->\n<title>adc3r - Aux Nations-Unies, le syst\u00e8me fran\u00e7ais de gestion de fin de vie des GES fluor\u00e9s \u00e0 l\u2019honneur<\/title>\n<meta name=\"robots\" content=\"index, follow, max-snippet:-1, max-image-preview:large, max-video-preview:-1\" \/>\n<link rel=\"canonical\" href=\"https:\/\/adc3r.com\/en\/aux-nations-unies-le-systeme-francais-de-gestion-de-fin-de-vie-des-ges-fluores-a-lhonneur\/\" \/>\n<meta property=\"og:locale\" content=\"en_GB\" \/>\n<meta property=\"og:type\" content=\"article\" \/>\n<meta property=\"og:title\" content=\"adc3r - Aux Nations-Unies, le syst\u00e8me fran\u00e7ais de gestion de fin de vie des GES fluor\u00e9s \u00e0 l\u2019honneur\" \/>\n<meta property=\"og:description\" content=\"Article La RPF\" \/>\n<meta property=\"og:url\" content=\"https:\/\/adc3r.com\/en\/aux-nations-unies-le-systeme-francais-de-gestion-de-fin-de-vie-des-ges-fluores-a-lhonneur\/\" \/>\n<meta property=\"og:site_name\" content=\"adc3r\" \/>\n<meta property=\"article:publisher\" content=\"https:\/\/www.facebook.com\/ADC3R\/\" \/>\n<meta property=\"article:published_time\" content=\"2016-07-21T12:51:00+00:00\" \/>\n<meta property=\"article:modified_time\" content=\"2021-10-18T16:24:54+00:00\" \/>\n<meta property=\"og:image\" content=\"https:\/\/adc3r.com\/wp-content\/uploads\/2021\/10\/Image3-1200x705-1.jpg\" \/>\n\t<meta property=\"og:image:width\" content=\"1200\" \/>\n\t<meta property=\"og:image:height\" content=\"705\" \/>\n<meta name=\"twitter:card\" content=\"summary_large_image\" \/>\n<meta name=\"twitter:label1\" content=\"Written by\" \/>\n\t<meta name=\"twitter:data1\" content=\"adc3redition\" \/>\n<script type=\"application\/ld+json\" class=\"yoast-schema-graph\">{\"@context\":\"https:\/\/schema.org\",\"@graph\":[{\"@type\":\"Organization\",\"@id\":\"https:\/\/adc3r.com\/#organization\",\"name\":\"ADC3R\",\"url\":\"https:\/\/adc3r.com\/\",\"sameAs\":[\"https:\/\/www.facebook.com\/ADC3R\/\",\"https:\/\/www.linkedin.com\/company\/adc3r\/\"],\"logo\":{\"@type\":\"ImageObject\",\"@id\":\"https:\/\/adc3r.com\/#logo\",\"inLanguage\":\"en-GB\",\"url\":\"https:\/\/adc3r.com\/wp-content\/uploads\/2021\/06\/cropped-Favicom-2.png\",\"contentUrl\":\"https:\/\/adc3r.com\/wp-content\/uploads\/2021\/06\/cropped-Favicom-2.png\",\"width\":512,\"height\":512,\"caption\":\"ADC3R\"},\"image\":{\"@id\":\"https:\/\/adc3r.com\/#logo\"}},{\"@type\":\"WebSite\",\"@id\":\"https:\/\/adc3r.com\/#website\",\"url\":\"https:\/\/adc3r.com\/\",\"name\":\"adc3r\",\"description\":\"ASSOCIATION DES DISTRIBUTEURS, CONDITIONNEURS,                             R\\u00c9CUP\\u00c9RATEURS, RETRAITEURS DE R\\u00c9FRIG\\u00c9RANTS\",\"publisher\":{\"@id\":\"https:\/\/adc3r.com\/#organization\"},\"potentialAction\":[{\"@type\":\"SearchAction\",\"target\":{\"@type\":\"EntryPoint\",\"urlTemplate\":\"https:\/\/adc3r.com\/?s={search_term_string}\"},\"query-input\":\"required name=search_term_string\"}],\"inLanguage\":\"en-GB\"},{\"@type\":\"ImageObject\",\"@id\":\"https:\/\/adc3r.com\/aux-nations-unies-le-systeme-francais-de-gestion-de-fin-de-vie-des-ges-fluores-a-lhonneur\/#primaryimage\",\"inLanguage\":\"en-GB\",\"url\":\"https:\/\/adc3r.com\/wp-content\/uploads\/2021\/10\/Image3-1200x705-1.jpg\",\"contentUrl\":\"https:\/\/adc3r.com\/wp-content\/uploads\/2021\/10\/Image3-1200x705-1.jpg\",\"width\":1200,\"height\":705,\"caption\":\"ADC3R\"},{\"@type\":\"WebPage\",\"@id\":\"https:\/\/adc3r.com\/aux-nations-unies-le-systeme-francais-de-gestion-de-fin-de-vie-des-ges-fluores-a-lhonneur\/#webpage\",\"url\":\"https:\/\/adc3r.com\/aux-nations-unies-le-systeme-francais-de-gestion-de-fin-de-vie-des-ges-fluores-a-lhonneur\/\",\"name\":\"adc3r - Aux Nations-Unies, le syst\\u00e8me fran\\u00e7ais de gestion de fin de vie des GES fluor\\u00e9s \\u00e0 l\\u2019honneur\",\"isPartOf\":{\"@id\":\"https:\/\/adc3r.com\/#website\"},\"primaryImageOfPage\":{\"@id\":\"https:\/\/adc3r.com\/aux-nations-unies-le-systeme-francais-de-gestion-de-fin-de-vie-des-ges-fluores-a-lhonneur\/#primaryimage\"},\"datePublished\":\"2016-07-21T12:51:00+00:00\",\"dateModified\":\"2021-10-18T16:24:54+00:00\",\"breadcrumb\":{\"@id\":\"https:\/\/adc3r.com\/aux-nations-unies-le-systeme-francais-de-gestion-de-fin-de-vie-des-ges-fluores-a-lhonneur\/#breadcrumb\"},\"inLanguage\":\"en-GB\",\"potentialAction\":[{\"@type\":\"ReadAction\",\"target\":[\"https:\/\/adc3r.com\/aux-nations-unies-le-systeme-francais-de-gestion-de-fin-de-vie-des-ges-fluores-a-lhonneur\/\"]}]},{\"@type\":\"BreadcrumbList\",\"@id\":\"https:\/\/adc3r.com\/aux-nations-unies-le-systeme-francais-de-gestion-de-fin-de-vie-des-ges-fluores-a-lhonneur\/#breadcrumb\",\"itemListElement\":[{\"@type\":\"ListItem\",\"position\":1,\"name\":\"Accueil\",\"item\":\"https:\/\/adc3r.com\/\"},{\"@type\":\"ListItem\",\"position\":2,\"name\":\"Aux Nations-Unies, le syst\\u00e8me fran\\u00e7ais de gestion de fin de vie des GES fluor\\u00e9s \\u00e0 l\\u2019honneur\"}]},{\"@type\":\"Article\",\"@id\":\"https:\/\/adc3r.com\/aux-nations-unies-le-systeme-francais-de-gestion-de-fin-de-vie-des-ges-fluores-a-lhonneur\/#article\",\"isPartOf\":{\"@id\":\"https:\/\/adc3r.com\/aux-nations-unies-le-systeme-francais-de-gestion-de-fin-de-vie-des-ges-fluores-a-lhonneur\/#webpage\"},\"author\":{\"@id\":\"https:\/\/adc3r.com\/#\/schema\/person\/9f77d2f7eb2c514ac6ced106872151ab\"},\"headline\":\"Aux Nations-Unies, le syst\\u00e8me fran\\u00e7ais de gestion de fin de vie des GES fluor\\u00e9s \\u00e0 l\\u2019honneur\",\"datePublished\":\"2016-07-21T12:51:00+00:00\",\"dateModified\":\"2021-10-18T16:24:54+00:00\",\"mainEntityOfPage\":{\"@id\":\"https:\/\/adc3r.com\/aux-nations-unies-le-systeme-francais-de-gestion-de-fin-de-vie-des-ges-fluores-a-lhonneur\/#webpage\"},\"wordCount\":32,\"publisher\":{\"@id\":\"https:\/\/adc3r.com\/#organization\"},\"image\":{\"@id\":\"https:\/\/adc3r.com\/aux-nations-unies-le-systeme-francais-de-gestion-de-fin-de-vie-des-ges-fluores-a-lhonneur\/#primaryimage\"},\"thumbnailUrl\":\"https:\/\/adc3r.com\/wp-content\/uploads\/2021\/10\/Image3-1200x705-1.jpg\",\"articleSection\":[\"Tous\"],\"inLanguage\":\"en-GB\"},{\"@type\":\"Person\",\"@id\":\"https:\/\/adc3r.com\/#\/schema\/person\/9f77d2f7eb2c514ac6ced106872151ab\",\"name\":\"adc3redition\",\"url\":\"https:\/\/adc3r.com\/en\/author\/adc3redition\/\"}]}<\/script>\n<!-- \/ Yoast SEO plugin. -->","yoast_head_json":{"title":"adc3r - Aux Nations-Unies, le syst\u00e8me fran\u00e7ais de gestion de fin de vie des GES fluor\u00e9s \u00e0 l\u2019honneur","robots":{"index":"index","follow":"follow","max-snippet":"max-snippet:-1","max-image-preview":"max-image-preview:large","max-video-preview":"max-video-preview:-1"},"canonical":"https:\/\/adc3r.com\/en\/aux-nations-unies-le-systeme-francais-de-gestion-de-fin-de-vie-des-ges-fluores-a-lhonneur\/","og_locale":"en_GB","og_type":"article","og_title":"adc3r - Aux Nations-Unies, le syst\u00e8me fran\u00e7ais de gestion de fin de vie des GES fluor\u00e9s \u00e0 l\u2019honneur","og_description":"Article La RPF","og_url":"https:\/\/adc3r.com\/en\/aux-nations-unies-le-systeme-francais-de-gestion-de-fin-de-vie-des-ges-fluores-a-lhonneur\/","og_site_name":"adc3r","article_publisher":"https:\/\/www.facebook.com\/ADC3R\/","article_published_time":"2016-07-21T12:51:00+00:00","article_modified_time":"2021-10-18T16:24:54+00:00","og_image":[{"width":1200,"height":705,"url":"https:\/\/adc3r.com\/wp-content\/uploads\/2021\/10\/Image3-1200x705-1.jpg","type":"image\/jpeg"}],"twitter_card":"summary_large_image","twitter_misc":{"Written by":"adc3redition"},"schema":{"@context":"https:\/\/schema.org","@graph":[{"@type":"Organization","@id":"https:\/\/adc3r.com\/#organization","name":"ADC3R","url":"https:\/\/adc3r.com\/","sameAs":["https:\/\/www.facebook.com\/ADC3R\/","https:\/\/www.linkedin.com\/company\/adc3r\/"],"logo":{"@type":"ImageObject","@id":"https:\/\/adc3r.com\/#logo","inLanguage":"en-GB","url":"https:\/\/adc3r.com\/wp-content\/uploads\/2021\/06\/cropped-Favicom-2.png","contentUrl":"https:\/\/adc3r.com\/wp-content\/uploads\/2021\/06\/cropped-Favicom-2.png","width":512,"height":512,"caption":"ADC3R"},"image":{"@id":"https:\/\/adc3r.com\/#logo"}},{"@type":"WebSite","@id":"https:\/\/adc3r.com\/#website","url":"https:\/\/adc3r.com\/","name":"adc3r","description":"ASSOCIATION DES DISTRIBUTEURS, CONDITIONNEURS,                             R\u00c9CUP\u00c9RATEURS, RETRAITEURS DE R\u00c9FRIG\u00c9RANTS","publisher":{"@id":"https:\/\/adc3r.com\/#organization"},"potentialAction":[{"@type":"SearchAction","target":{"@type":"EntryPoint","urlTemplate":"https:\/\/adc3r.com\/?s={search_term_string}"},"query-input":"required name=search_term_string"}],"inLanguage":"en-GB"},{"@type":"ImageObject","@id":"https:\/\/adc3r.com\/aux-nations-unies-le-systeme-francais-de-gestion-de-fin-de-vie-des-ges-fluores-a-lhonneur\/#primaryimage","inLanguage":"en-GB","url":"https:\/\/adc3r.com\/wp-content\/uploads\/2021\/10\/Image3-1200x705-1.jpg","contentUrl":"https:\/\/adc3r.com\/wp-content\/uploads\/2021\/10\/Image3-1200x705-1.jpg","width":1200,"height":705,"caption":"ADC3R"},{"@type":"WebPage","@id":"https:\/\/adc3r.com\/aux-nations-unies-le-systeme-francais-de-gestion-de-fin-de-vie-des-ges-fluores-a-lhonneur\/#webpage","url":"https:\/\/adc3r.com\/aux-nations-unies-le-systeme-francais-de-gestion-de-fin-de-vie-des-ges-fluores-a-lhonneur\/","name":"adc3r - Aux Nations-Unies, le syst\u00e8me fran\u00e7ais de gestion de fin de vie des GES fluor\u00e9s \u00e0 l\u2019honneur","isPartOf":{"@id":"https:\/\/adc3r.com\/#website"},"primaryImageOfPage":{"@id":"https:\/\/adc3r.com\/aux-nations-unies-le-systeme-francais-de-gestion-de-fin-de-vie-des-ges-fluores-a-lhonneur\/#primaryimage"},"datePublished":"2016-07-21T12:51:00+00:00","dateModified":"2021-10-18T16:24:54+00:00","breadcrumb":{"@id":"https:\/\/adc3r.com\/aux-nations-unies-le-systeme-francais-de-gestion-de-fin-de-vie-des-ges-fluores-a-lhonneur\/#breadcrumb"},"inLanguage":"en-GB","potentialAction":[{"@type":"ReadAction","target":["https:\/\/adc3r.com\/aux-nations-unies-le-systeme-francais-de-gestion-de-fin-de-vie-des-ges-fluores-a-lhonneur\/"]}]},{"@type":"BreadcrumbList","@id":"https:\/\/adc3r.com\/aux-nations-unies-le-systeme-francais-de-gestion-de-fin-de-vie-des-ges-fluores-a-lhonneur\/#breadcrumb","itemListElement":[{"@type":"ListItem","position":1,"name":"Accueil","item":"https:\/\/adc3r.com\/"},{"@type":"ListItem","position":2,"name":"Aux Nations-Unies, le syst\u00e8me fran\u00e7ais de gestion de fin de vie des GES fluor\u00e9s \u00e0 l\u2019honneur"}]},{"@type":"Article","@id":"https:\/\/adc3r.com\/aux-nations-unies-le-systeme-francais-de-gestion-de-fin-de-vie-des-ges-fluores-a-lhonneur\/#article","isPartOf":{"@id":"https:\/\/adc3r.com\/aux-nations-unies-le-systeme-francais-de-gestion-de-fin-de-vie-des-ges-fluores-a-lhonneur\/#webpage"},"author":{"@id":"https:\/\/adc3r.com\/#\/schema\/person\/9f77d2f7eb2c514ac6ced106872151ab"},"headline":"Aux Nations-Unies, le syst\u00e8me fran\u00e7ais de gestion de fin de vie des GES fluor\u00e9s \u00e0 l\u2019honneur","datePublished":"2016-07-21T12:51:00+00:00","dateModified":"2021-10-18T16:24:54+00:00","mainEntityOfPage":{"@id":"https:\/\/adc3r.com\/aux-nations-unies-le-systeme-francais-de-gestion-de-fin-de-vie-des-ges-fluores-a-lhonneur\/#webpage"},"wordCount":32,"publisher":{"@id":"https:\/\/adc3r.com\/#organization"},"image":{"@id":"https:\/\/adc3r.com\/aux-nations-unies-le-systeme-francais-de-gestion-de-fin-de-vie-des-ges-fluores-a-lhonneur\/#primaryimage"},"thumbnailUrl":"https:\/\/adc3r.com\/wp-content\/uploads\/2021\/10\/Image3-1200x705-1.jpg","articleSection":["Tous"],"inLanguage":"en-GB"},{"@type":"Person","@id":"https:\/\/adc3r.com\/#\/schema\/person\/9f77d2f7eb2c514ac6ced106872151ab","name":"adc3redition","url":"https:\/\/adc3r.com\/en\/author\/adc3redition\/"}]}},"_links":{"self":[{"href":"https:\/\/adc3r.com\/en\/wp-json\/wp\/v2\/posts\/714"}],"collection":[{"href":"https:\/\/adc3r.com\/en\/wp-json\/wp\/v2\/posts"}],"about":[{"href":"https:\/\/adc3r.com\/en\/wp-json\/wp\/v2\/types\/post"}],"author":[{"embeddable":true,"href":"https:\/\/adc3r.com\/en\/wp-json\/wp\/v2\/users\/2"}],"replies":[{"embeddable":true,"href":"https:\/\/adc3r.com\/en\/wp-json\/wp\/v2\/comments?post=714"}],"version-history":[{"count":3,"href":"https:\/\/adc3r.com\/en\/wp-json\/wp\/v2\/posts\/714\/revisions"}],"predecessor-version":[{"id":869,"href":"https:\/\/adc3r.com\/en\/wp-json\/wp\/v2\/posts\/714\/revisions\/869"}],"wp:featuredmedia":[{"embeddable":true,"href":"https:\/\/adc3r.com\/en\/wp-json\/wp\/v2\/media\/829"}],"wp:attachment":[{"href":"https:\/\/adc3r.com\/en\/wp-json\/wp\/v2\/media?parent=714"}],"wp:term":[{"taxonomy":"category","embeddable":true,"href":"https:\/\/adc3r.com\/en\/wp-json\/wp\/v2\/categories?post=714"},{"taxonomy":"post_tag","embeddable":true,"href":"https:\/\/adc3r.com\/en\/wp-json\/wp\/v2\/tags?post=714"}],"curies":[{"name":"wp","href":"https:\/\/api.w.org\/{rel}","templated":true}]}}