{"id":720,"date":"2016-12-05T14:56:00","date_gmt":"2016-12-05T13:56:00","guid":{"rendered":"https:\/\/adc3r.agencealbum.com\/?p=720"},"modified":"2021-10-18T18:30:00","modified_gmt":"2021-10-18T16:30:00","slug":"reportage-france-2-telematin-protegeons-notre-planete","status":"publish","type":"post","link":"https:\/\/adc3r.com\/en\/reportage-france-2-telematin-protegeons-notre-planete\/","title":{"rendered":"TV report on France 2 (French channel) \u2013 T\u00e9l\u00e9matin: Let's protect our planet"},"content":{"rendered":"<p>Thursday 03rd of November 2016, the T\u00e9l\u00e9matin teams realized a TV report with members of the SNEFCCA (National Syndicat of Refrigeration, professional kitchen equipment and air conditioning companies) represented by the cold company For\u00e9zien and by ADC3R. The shooting takes place in the site of the Dehon group in Saint-Priest (69), where the entity of Climalife is specialized in the conditioning of refrigerants in order to realize a TV report which trace the years of efforts of the actors of the sector in favor of the environment.<\/p>\n\n\n\n<p>This TV report of 3 minutes presents a case study with the recovery of the refrigerant contained in an air conditioner by a certified operator, until its regeneration. \nThe shooting team follows all the steps of recovered fluid, even in the laboratory where the pre-processing analyses of the product are carried out in order to ensure the possibility of regeneration and after the treatment in order to check if the regenerated product is well conforming to the original specifications. The issue is high since it is about avoiding the greenhouse gases emissions while ensuring a constant level of quality for regenerated refrigerants.<\/p>\n\n\n\n<p>This short video illustrates and highlights the necessary technical capabilities and expertise at the sector but especially the avant-garde nature of the voluntary approach initiated 20 years ago.<\/p>\n\n\n\n<p>With 45 billion of tons of CO2 equivalent avoided since 1993, the players in the refrigeration and air conditioning industry were the pioneers of the concept of the circular economy by giving a second life at their products through fluid recovery and regeneration. A concrete example of a voluntary approach initiated and made possible thanks to the mobilization of the actors of an entire sector.<\/p>\n\n\n\n<ul><li>Download the PDF (in French):&nbsp;<a href=\"https:\/\/adc3r.com\/wp-content\/uploads\/CP-ADC3R-T%C3%A9l%C3%A9matin-diff.pdf\">cp-adc3r-telematin-diff<\/a><\/li><\/ul>\n\n\n\n<figure class=\"wp-block-embed is-type-video is-provider-youtube wp-block-embed-youtube wp-embed-aspect-16-9 wp-has-aspect-ratio\"><div class=\"wp-block-embed__wrapper\">\n<iframe loading=\"lazy\" title=\"France 2 - ADC3R : prot\u00e9geons notre plan\u00e8te. Reportage t\u00e9l\u00e9matin 14\/11\/2016.\" width=\"640\" height=\"360\" src=\"https:\/\/www.youtube.com\/embed\/rAW-VmaVFS0?feature=oembed\" frameborder=\"0\" allow=\"accelerometer; autoplay; clipboard-write; encrypted-media; gyroscope; picture-in-picture\" allowfullscreen><\/iframe>\n<\/div><\/figure>","protected":false},"excerpt":{"rendered":"<p>Thursday 03rd of November 2016, the T\u00e9l\u00e9matin teams realized a TV report with members of the SNEFCCA represented by the cold company For\u00e9zien and by ADC3R. <\/p>","protected":false},"author":2,"featured_media":828,"comment_status":"closed","ping_status":"","sticky":false,"template":"","format":"standard","meta":[],"categories":[1],"tags":[],"yoast_head":"<!-- This site is optimized with the Yoast SEO plugin v17.6 - https:\/\/yoast.com\/wordpress\/plugins\/seo\/ -->\n<title>adc3r - Reportage France 2 T\u00e9l\u00e9matin : prot\u00e9geons notre plan\u00e8te<\/title>\n<meta name=\"robots\" content=\"index, follow, max-snippet:-1, max-image-preview:large, max-video-preview:-1\" \/>\n<link rel=\"canonical\" href=\"https:\/\/adc3r.com\/en\/reportage-france-2-telematin-protegeons-notre-planete\/\" \/>\n<meta property=\"og:locale\" content=\"en_GB\" \/>\n<meta property=\"og:type\" content=\"article\" \/>\n<meta property=\"og:title\" content=\"adc3r - Reportage France 2 T\u00e9l\u00e9matin : prot\u00e9geons notre plan\u00e8te\" \/>\n<meta property=\"og:description\" content=\"Le jeudi 03 novembre 2016, les \u00e9quipes de T\u00e9l\u00e9matin ont r\u00e9alis\u00e9 un reportage aupr\u00e8s des membres du SNEFCCA repr\u00e9sent\u00e9 par l\u2019entreprise Le froid For\u00e9zien et de l\u2019ADC3R.\" \/>\n<meta property=\"og:url\" content=\"https:\/\/adc3r.com\/en\/reportage-france-2-telematin-protegeons-notre-planete\/\" \/>\n<meta property=\"og:site_name\" content=\"adc3r\" \/>\n<meta property=\"article:publisher\" content=\"https:\/\/www.facebook.com\/ADC3R\/\" \/>\n<meta property=\"article:published_time\" content=\"2016-12-05T13:56:00+00:00\" \/>\n<meta property=\"article:modified_time\" content=\"2021-10-18T16:30:00+00:00\" \/>\n<meta property=\"og:image\" content=\"https:\/\/adc3r.com\/wp-content\/uploads\/2021\/10\/Capturetelematinnews2.png\" \/>\n\t<meta property=\"og:image:width\" content=\"1317\" \/>\n\t<meta property=\"og:image:height\" content=\"741\" \/>\n<meta name=\"twitter:card\" content=\"summary_large_image\" \/>\n<meta name=\"twitter:label1\" content=\"Written by\" \/>\n\t<meta name=\"twitter:data1\" content=\"adc3redition\" \/>\n\t<meta name=\"twitter:label2\" content=\"Estimated reading time\" \/>\n\t<meta name=\"twitter:data2\" content=\"2 minutes\" \/>\n<script type=\"application\/ld+json\" class=\"yoast-schema-graph\">{\"@context\":\"https:\/\/schema.org\",\"@graph\":[{\"@type\":\"Organization\",\"@id\":\"https:\/\/adc3r.com\/#organization\",\"name\":\"ADC3R\",\"url\":\"https:\/\/adc3r.com\/\",\"sameAs\":[\"https:\/\/www.facebook.com\/ADC3R\/\",\"https:\/\/www.linkedin.com\/company\/adc3r\/\"],\"logo\":{\"@type\":\"ImageObject\",\"@id\":\"https:\/\/adc3r.com\/#logo\",\"inLanguage\":\"en-GB\",\"url\":\"https:\/\/adc3r.com\/wp-content\/uploads\/2021\/06\/cropped-Favicom-2.png\",\"contentUrl\":\"https:\/\/adc3r.com\/wp-content\/uploads\/2021\/06\/cropped-Favicom-2.png\",\"width\":512,\"height\":512,\"caption\":\"ADC3R\"},\"image\":{\"@id\":\"https:\/\/adc3r.com\/#logo\"}},{\"@type\":\"WebSite\",\"@id\":\"https:\/\/adc3r.com\/#website\",\"url\":\"https:\/\/adc3r.com\/\",\"name\":\"adc3r\",\"description\":\"ASSOCIATION DES DISTRIBUTEURS, CONDITIONNEURS,                             R\\u00c9CUP\\u00c9RATEURS, RETRAITEURS DE R\\u00c9FRIG\\u00c9RANTS\",\"publisher\":{\"@id\":\"https:\/\/adc3r.com\/#organization\"},\"potentialAction\":[{\"@type\":\"SearchAction\",\"target\":{\"@type\":\"EntryPoint\",\"urlTemplate\":\"https:\/\/adc3r.com\/?s={search_term_string}\"},\"query-input\":\"required name=search_term_string\"}],\"inLanguage\":\"en-GB\"},{\"@type\":\"ImageObject\",\"@id\":\"https:\/\/adc3r.com\/reportage-france-2-telematin-protegeons-notre-planete\/#primaryimage\",\"inLanguage\":\"en-GB\",\"url\":\"https:\/\/adc3r.com\/wp-content\/uploads\/2021\/10\/Capturetelematinnews2.png\",\"contentUrl\":\"https:\/\/adc3r.com\/wp-content\/uploads\/2021\/10\/Capturetelematinnews2.png\",\"width\":1317,\"height\":741,\"caption\":\"ADC3R\"},{\"@type\":\"WebPage\",\"@id\":\"https:\/\/adc3r.com\/reportage-france-2-telematin-protegeons-notre-planete\/#webpage\",\"url\":\"https:\/\/adc3r.com\/reportage-france-2-telematin-protegeons-notre-planete\/\",\"name\":\"adc3r - Reportage France 2 T\\u00e9l\\u00e9matin : prot\\u00e9geons notre plan\\u00e8te\",\"isPartOf\":{\"@id\":\"https:\/\/adc3r.com\/#website\"},\"primaryImageOfPage\":{\"@id\":\"https:\/\/adc3r.com\/reportage-france-2-telematin-protegeons-notre-planete\/#primaryimage\"},\"datePublished\":\"2016-12-05T13:56:00+00:00\",\"dateModified\":\"2021-10-18T16:30:00+00:00\",\"breadcrumb\":{\"@id\":\"https:\/\/adc3r.com\/reportage-france-2-telematin-protegeons-notre-planete\/#breadcrumb\"},\"inLanguage\":\"en-GB\",\"potentialAction\":[{\"@type\":\"ReadAction\",\"target\":[\"https:\/\/adc3r.com\/reportage-france-2-telematin-protegeons-notre-planete\/\"]}]},{\"@type\":\"BreadcrumbList\",\"@id\":\"https:\/\/adc3r.com\/reportage-france-2-telematin-protegeons-notre-planete\/#breadcrumb\",\"itemListElement\":[{\"@type\":\"ListItem\",\"position\":1,\"name\":\"Accueil\",\"item\":\"https:\/\/adc3r.com\/\"},{\"@type\":\"ListItem\",\"position\":2,\"name\":\"Reportage France 2 T\\u00e9l\\u00e9matin : prot\\u00e9geons notre plan\\u00e8te\"}]},{\"@type\":\"Article\",\"@id\":\"https:\/\/adc3r.com\/reportage-france-2-telematin-protegeons-notre-planete\/#article\",\"isPartOf\":{\"@id\":\"https:\/\/adc3r.com\/reportage-france-2-telematin-protegeons-notre-planete\/#webpage\"},\"author\":{\"@id\":\"https:\/\/adc3r.com\/#\/schema\/person\/9f77d2f7eb2c514ac6ced106872151ab\"},\"headline\":\"Reportage France 2 T\\u00e9l\\u00e9matin : prot\\u00e9geons notre plan\\u00e8te\",\"datePublished\":\"2016-12-05T13:56:00+00:00\",\"dateModified\":\"2021-10-18T16:30:00+00:00\",\"mainEntityOfPage\":{\"@id\":\"https:\/\/adc3r.com\/reportage-france-2-telematin-protegeons-notre-planete\/#webpage\"},\"wordCount\":384,\"publisher\":{\"@id\":\"https:\/\/adc3r.com\/#organization\"},\"image\":{\"@id\":\"https:\/\/adc3r.com\/reportage-france-2-telematin-protegeons-notre-planete\/#primaryimage\"},\"thumbnailUrl\":\"https:\/\/adc3r.com\/wp-content\/uploads\/2021\/10\/Capturetelematinnews2.png\",\"articleSection\":[\"Tous\"],\"inLanguage\":\"en-GB\"},{\"@type\":\"Person\",\"@id\":\"https:\/\/adc3r.com\/#\/schema\/person\/9f77d2f7eb2c514ac6ced106872151ab\",\"name\":\"adc3redition\",\"url\":\"https:\/\/adc3r.com\/en\/author\/adc3redition\/\"}]}<\/script>\n<!-- \/ Yoast SEO plugin. -->","yoast_head_json":{"title":"adc3r - Reportage France 2 T\u00e9l\u00e9matin : prot\u00e9geons notre plan\u00e8te","robots":{"index":"index","follow":"follow","max-snippet":"max-snippet:-1","max-image-preview":"max-image-preview:large","max-video-preview":"max-video-preview:-1"},"canonical":"https:\/\/adc3r.com\/en\/reportage-france-2-telematin-protegeons-notre-planete\/","og_locale":"en_GB","og_type":"article","og_title":"adc3r - Reportage France 2 T\u00e9l\u00e9matin : prot\u00e9geons notre plan\u00e8te","og_description":"Le jeudi 03 novembre 2016, les \u00e9quipes de T\u00e9l\u00e9matin ont r\u00e9alis\u00e9 un reportage aupr\u00e8s des membres du SNEFCCA repr\u00e9sent\u00e9 par l\u2019entreprise Le froid For\u00e9zien et de l\u2019ADC3R.","og_url":"https:\/\/adc3r.com\/en\/reportage-france-2-telematin-protegeons-notre-planete\/","og_site_name":"adc3r","article_publisher":"https:\/\/www.facebook.com\/ADC3R\/","article_published_time":"2016-12-05T13:56:00+00:00","article_modified_time":"2021-10-18T16:30:00+00:00","og_image":[{"width":1317,"height":741,"url":"https:\/\/adc3r.com\/wp-content\/uploads\/2021\/10\/Capturetelematinnews2.png","type":"image\/png"}],"twitter_card":"summary_large_image","twitter_misc":{"Written by":"adc3redition","Estimated reading time":"2 minutes"},"schema":{"@context":"https:\/\/schema.org","@graph":[{"@type":"Organization","@id":"https:\/\/adc3r.com\/#organization","name":"ADC3R","url":"https:\/\/adc3r.com\/","sameAs":["https:\/\/www.facebook.com\/ADC3R\/","https:\/\/www.linkedin.com\/company\/adc3r\/"],"logo":{"@type":"ImageObject","@id":"https:\/\/adc3r.com\/#logo","inLanguage":"en-GB","url":"https:\/\/adc3r.com\/wp-content\/uploads\/2021\/06\/cropped-Favicom-2.png","contentUrl":"https:\/\/adc3r.com\/wp-content\/uploads\/2021\/06\/cropped-Favicom-2.png","width":512,"height":512,"caption":"ADC3R"},"image":{"@id":"https:\/\/adc3r.com\/#logo"}},{"@type":"WebSite","@id":"https:\/\/adc3r.com\/#website","url":"https:\/\/adc3r.com\/","name":"adc3r","description":"ASSOCIATION DES DISTRIBUTEURS, CONDITIONNEURS,                             R\u00c9CUP\u00c9RATEURS, RETRAITEURS DE R\u00c9FRIG\u00c9RANTS","publisher":{"@id":"https:\/\/adc3r.com\/#organization"},"potentialAction":[{"@type":"SearchAction","target":{"@type":"EntryPoint","urlTemplate":"https:\/\/adc3r.com\/?s={search_term_string}"},"query-input":"required name=search_term_string"}],"inLanguage":"en-GB"},{"@type":"ImageObject","@id":"https:\/\/adc3r.com\/reportage-france-2-telematin-protegeons-notre-planete\/#primaryimage","inLanguage":"en-GB","url":"https:\/\/adc3r.com\/wp-content\/uploads\/2021\/10\/Capturetelematinnews2.png","contentUrl":"https:\/\/adc3r.com\/wp-content\/uploads\/2021\/10\/Capturetelematinnews2.png","width":1317,"height":741,"caption":"ADC3R"},{"@type":"WebPage","@id":"https:\/\/adc3r.com\/reportage-france-2-telematin-protegeons-notre-planete\/#webpage","url":"https:\/\/adc3r.com\/reportage-france-2-telematin-protegeons-notre-planete\/","name":"adc3r - Reportage France 2 T\u00e9l\u00e9matin : prot\u00e9geons notre plan\u00e8te","isPartOf":{"@id":"https:\/\/adc3r.com\/#website"},"primaryImageOfPage":{"@id":"https:\/\/adc3r.com\/reportage-france-2-telematin-protegeons-notre-planete\/#primaryimage"},"datePublished":"2016-12-05T13:56:00+00:00","dateModified":"2021-10-18T16:30:00+00:00","breadcrumb":{"@id":"https:\/\/adc3r.com\/reportage-france-2-telematin-protegeons-notre-planete\/#breadcrumb"},"inLanguage":"en-GB","potentialAction":[{"@type":"ReadAction","target":["https:\/\/adc3r.com\/reportage-france-2-telematin-protegeons-notre-planete\/"]}]},{"@type":"BreadcrumbList","@id":"https:\/\/adc3r.com\/reportage-france-2-telematin-protegeons-notre-planete\/#breadcrumb","itemListElement":[{"@type":"ListItem","position":1,"name":"Accueil","item":"https:\/\/adc3r.com\/"},{"@type":"ListItem","position":2,"name":"Reportage France 2 T\u00e9l\u00e9matin : prot\u00e9geons notre plan\u00e8te"}]},{"@type":"Article","@id":"https:\/\/adc3r.com\/reportage-france-2-telematin-protegeons-notre-planete\/#article","isPartOf":{"@id":"https:\/\/adc3r.com\/reportage-france-2-telematin-protegeons-notre-planete\/#webpage"},"author":{"@id":"https:\/\/adc3r.com\/#\/schema\/person\/9f77d2f7eb2c514ac6ced106872151ab"},"headline":"Reportage France 2 T\u00e9l\u00e9matin : prot\u00e9geons notre plan\u00e8te","datePublished":"2016-12-05T13:56:00+00:00","dateModified":"2021-10-18T16:30:00+00:00","mainEntityOfPage":{"@id":"https:\/\/adc3r.com\/reportage-france-2-telematin-protegeons-notre-planete\/#webpage"},"wordCount":384,"publisher":{"@id":"https:\/\/adc3r.com\/#organization"},"image":{"@id":"https:\/\/adc3r.com\/reportage-france-2-telematin-protegeons-notre-planete\/#primaryimage"},"thumbnailUrl":"https:\/\/adc3r.com\/wp-content\/uploads\/2021\/10\/Capturetelematinnews2.png","articleSection":["Tous"],"inLanguage":"en-GB"},{"@type":"Person","@id":"https:\/\/adc3r.com\/#\/schema\/person\/9f77d2f7eb2c514ac6ced106872151ab","name":"adc3redition","url":"https:\/\/adc3r.com\/en\/author\/adc3redition\/"}]}},"_links":{"self":[{"href":"https:\/\/adc3r.com\/en\/wp-json\/wp\/v2\/posts\/720"}],"collection":[{"href":"https:\/\/adc3r.com\/en\/wp-json\/wp\/v2\/posts"}],"about":[{"href":"https:\/\/adc3r.com\/en\/wp-json\/wp\/v2\/types\/post"}],"author":[{"embeddable":true,"href":"https:\/\/adc3r.com\/en\/wp-json\/wp\/v2\/users\/2"}],"replies":[{"embeddable":true,"href":"https:\/\/adc3r.com\/en\/wp-json\/wp\/v2\/comments?post=720"}],"version-history":[{"count":4,"href":"https:\/\/adc3r.com\/en\/wp-json\/wp\/v2\/posts\/720\/revisions"}],"predecessor-version":[{"id":874,"href":"https:\/\/adc3r.com\/en\/wp-json\/wp\/v2\/posts\/720\/revisions\/874"}],"wp:featuredmedia":[{"embeddable":true,"href":"https:\/\/adc3r.com\/en\/wp-json\/wp\/v2\/media\/828"}],"wp:attachment":[{"href":"https:\/\/adc3r.com\/en\/wp-json\/wp\/v2\/media?parent=720"}],"wp:term":[{"taxonomy":"category","embeddable":true,"href":"https:\/\/adc3r.com\/en\/wp-json\/wp\/v2\/categories?post=720"},{"taxonomy":"post_tag","embeddable":true,"href":"https:\/\/adc3r.com\/en\/wp-json\/wp\/v2\/tags?post=720"}],"curies":[{"name":"wp","href":"https:\/\/api.w.org\/{rel}","templated":true}]}}