{"id":726,"date":"2017-09-25T15:00:00","date_gmt":"2017-09-25T13:00:00","guid":{"rendered":"https:\/\/adc3r.agencealbum.com\/?p=726"},"modified":"2021-10-18T18:36:54","modified_gmt":"2021-10-18T16:36:54","slug":"projet-de-taxe-sur-les-fluides-frigorigenes-hfc-les-professionnels-unanimement-opposes-a-un-impot-supplementaire-incoherent","status":"publish","type":"post","link":"https:\/\/adc3r.com\/en\/projet-de-taxe-sur-les-fluides-frigorigenes-hfc-les-professionnels-unanimement-opposes-a-un-impot-supplementaire-incoherent\/","title":{"rendered":"Proposed tax on HFC refrigerants: the professionals are unanimously opposed to an incoherent additional tax"},"content":{"rendered":"<p>Lire l\u2019article complet\u00a0:\u00a0<a href=\"https:\/\/adc3r.com\/wp-content\/uploads\/CP_projet-taxe-HFC_PR-collectif-au-18-septembre.pdf\">https:\/\/adc3r.com\/wp-content\/uploads\/CP_projet-taxe-HFC_PR-collectif-au-18-septembre.pdf<\/a> <\/p>","protected":false},"excerpt":{"rendered":"<p>Press release about the proposed tax on HFC refrigerants<\/p>","protected":false},"author":2,"featured_media":823,"comment_status":"closed","ping_status":"","sticky":false,"template":"","format":"standard","meta":[],"categories":[1],"tags":[],"yoast_head":"<!-- This site is optimized with the Yoast SEO plugin v17.6 - https:\/\/yoast.com\/wordpress\/plugins\/seo\/ -->\n<title>adc3r - Projet de taxe sur les fluides frigorig\u00e8nes HFC : les professionnels unanimement oppos\u00e9s \u00e0 un imp\u00f4t suppl\u00e9mentaire incoh\u00e9rent<\/title>\n<meta name=\"robots\" content=\"index, follow, max-snippet:-1, max-image-preview:large, max-video-preview:-1\" \/>\n<link rel=\"canonical\" href=\"https:\/\/adc3r.com\/en\/projet-de-taxe-sur-les-fluides-frigorigenes-hfc-les-professionnels-unanimement-opposes-a-un-impot-supplementaire-incoherent\/\" \/>\n<meta property=\"og:locale\" content=\"en_GB\" \/>\n<meta property=\"og:type\" content=\"article\" \/>\n<meta property=\"og:title\" content=\"adc3r - Projet de taxe sur les fluides frigorig\u00e8nes HFC : les professionnels unanimement oppos\u00e9s \u00e0 un imp\u00f4t suppl\u00e9mentaire incoh\u00e9rent\" \/>\n<meta property=\"og:description\" content=\"Communiqu\u00e9 de presse \u00e0 propos du projet de taxe sur les fluides frigorig\u00e8nes HFC\" \/>\n<meta property=\"og:url\" content=\"https:\/\/adc3r.com\/en\/projet-de-taxe-sur-les-fluides-frigorigenes-hfc-les-professionnels-unanimement-opposes-a-un-impot-supplementaire-incoherent\/\" \/>\n<meta property=\"og:site_name\" content=\"adc3r\" \/>\n<meta property=\"article:publisher\" content=\"https:\/\/www.facebook.com\/ADC3R\/\" \/>\n<meta property=\"article:published_time\" content=\"2017-09-25T13:00:00+00:00\" \/>\n<meta property=\"article:modified_time\" content=\"2021-10-18T16:36:54+00:00\" \/>\n<meta property=\"og:image\" content=\"https:\/\/adc3r.com\/wp-content\/uploads\/2021\/10\/Capture-1.jpg\" \/>\n\t<meta property=\"og:image:width\" content=\"630\" \/>\n\t<meta property=\"og:image:height\" content=\"373\" \/>\n<meta name=\"twitter:card\" content=\"summary_large_image\" \/>\n<meta name=\"twitter:label1\" content=\"Written by\" \/>\n\t<meta name=\"twitter:data1\" content=\"adc3redition\" \/>\n<script type=\"application\/ld+json\" class=\"yoast-schema-graph\">{\"@context\":\"https:\/\/schema.org\",\"@graph\":[{\"@type\":\"Organization\",\"@id\":\"https:\/\/adc3r.com\/#organization\",\"name\":\"ADC3R\",\"url\":\"https:\/\/adc3r.com\/\",\"sameAs\":[\"https:\/\/www.facebook.com\/ADC3R\/\",\"https:\/\/www.linkedin.com\/company\/adc3r\/\"],\"logo\":{\"@type\":\"ImageObject\",\"@id\":\"https:\/\/adc3r.com\/#logo\",\"inLanguage\":\"en-GB\",\"url\":\"https:\/\/adc3r.com\/wp-content\/uploads\/2021\/06\/cropped-Favicom-2.png\",\"contentUrl\":\"https:\/\/adc3r.com\/wp-content\/uploads\/2021\/06\/cropped-Favicom-2.png\",\"width\":512,\"height\":512,\"caption\":\"ADC3R\"},\"image\":{\"@id\":\"https:\/\/adc3r.com\/#logo\"}},{\"@type\":\"WebSite\",\"@id\":\"https:\/\/adc3r.com\/#website\",\"url\":\"https:\/\/adc3r.com\/\",\"name\":\"adc3r\",\"description\":\"ASSOCIATION DES DISTRIBUTEURS, CONDITIONNEURS,                             R\\u00c9CUP\\u00c9RATEURS, RETRAITEURS DE R\\u00c9FRIG\\u00c9RANTS\",\"publisher\":{\"@id\":\"https:\/\/adc3r.com\/#organization\"},\"potentialAction\":[{\"@type\":\"SearchAction\",\"target\":{\"@type\":\"EntryPoint\",\"urlTemplate\":\"https:\/\/adc3r.com\/?s={search_term_string}\"},\"query-input\":\"required name=search_term_string\"}],\"inLanguage\":\"en-GB\"},{\"@type\":\"ImageObject\",\"@id\":\"https:\/\/adc3r.com\/projet-de-taxe-sur-les-fluides-frigorigenes-hfc-les-professionnels-unanimement-opposes-a-un-impot-supplementaire-incoherent\/#primaryimage\",\"inLanguage\":\"en-GB\",\"url\":\"https:\/\/adc3r.com\/wp-content\/uploads\/2021\/10\/Capture-1.jpg\",\"contentUrl\":\"https:\/\/adc3r.com\/wp-content\/uploads\/2021\/10\/Capture-1.jpg\",\"width\":630,\"height\":373},{\"@type\":\"WebPage\",\"@id\":\"https:\/\/adc3r.com\/projet-de-taxe-sur-les-fluides-frigorigenes-hfc-les-professionnels-unanimement-opposes-a-un-impot-supplementaire-incoherent\/#webpage\",\"url\":\"https:\/\/adc3r.com\/projet-de-taxe-sur-les-fluides-frigorigenes-hfc-les-professionnels-unanimement-opposes-a-un-impot-supplementaire-incoherent\/\",\"name\":\"adc3r - Projet de taxe sur les fluides frigorig\\u00e8nes HFC : les professionnels unanimement oppos\\u00e9s \\u00e0 un imp\\u00f4t suppl\\u00e9mentaire incoh\\u00e9rent\",\"isPartOf\":{\"@id\":\"https:\/\/adc3r.com\/#website\"},\"primaryImageOfPage\":{\"@id\":\"https:\/\/adc3r.com\/projet-de-taxe-sur-les-fluides-frigorigenes-hfc-les-professionnels-unanimement-opposes-a-un-impot-supplementaire-incoherent\/#primaryimage\"},\"datePublished\":\"2017-09-25T13:00:00+00:00\",\"dateModified\":\"2021-10-18T16:36:54+00:00\",\"breadcrumb\":{\"@id\":\"https:\/\/adc3r.com\/projet-de-taxe-sur-les-fluides-frigorigenes-hfc-les-professionnels-unanimement-opposes-a-un-impot-supplementaire-incoherent\/#breadcrumb\"},\"inLanguage\":\"en-GB\",\"potentialAction\":[{\"@type\":\"ReadAction\",\"target\":[\"https:\/\/adc3r.com\/projet-de-taxe-sur-les-fluides-frigorigenes-hfc-les-professionnels-unanimement-opposes-a-un-impot-supplementaire-incoherent\/\"]}]},{\"@type\":\"BreadcrumbList\",\"@id\":\"https:\/\/adc3r.com\/projet-de-taxe-sur-les-fluides-frigorigenes-hfc-les-professionnels-unanimement-opposes-a-un-impot-supplementaire-incoherent\/#breadcrumb\",\"itemListElement\":[{\"@type\":\"ListItem\",\"position\":1,\"name\":\"Accueil\",\"item\":\"https:\/\/adc3r.com\/\"},{\"@type\":\"ListItem\",\"position\":2,\"name\":\"Projet de taxe sur les fluides frigorig\\u00e8nes HFC : les professionnels unanimement oppos\\u00e9s \\u00e0 un imp\\u00f4t suppl\\u00e9mentaire incoh\\u00e9rent\"}]},{\"@type\":\"Article\",\"@id\":\"https:\/\/adc3r.com\/projet-de-taxe-sur-les-fluides-frigorigenes-hfc-les-professionnels-unanimement-opposes-a-un-impot-supplementaire-incoherent\/#article\",\"isPartOf\":{\"@id\":\"https:\/\/adc3r.com\/projet-de-taxe-sur-les-fluides-frigorigenes-hfc-les-professionnels-unanimement-opposes-a-un-impot-supplementaire-incoherent\/#webpage\"},\"author\":{\"@id\":\"https:\/\/adc3r.com\/#\/schema\/person\/9f77d2f7eb2c514ac6ced106872151ab\"},\"headline\":\"Projet de taxe sur les fluides frigorig\\u00e8nes HFC : les professionnels unanimement oppos\\u00e9s \\u00e0 un imp\\u00f4t suppl\\u00e9mentaire incoh\\u00e9rent\",\"datePublished\":\"2017-09-25T13:00:00+00:00\",\"dateModified\":\"2021-10-18T16:36:54+00:00\",\"mainEntityOfPage\":{\"@id\":\"https:\/\/adc3r.com\/projet-de-taxe-sur-les-fluides-frigorigenes-hfc-les-professionnels-unanimement-opposes-a-un-impot-supplementaire-incoherent\/#webpage\"},\"wordCount\":36,\"publisher\":{\"@id\":\"https:\/\/adc3r.com\/#organization\"},\"image\":{\"@id\":\"https:\/\/adc3r.com\/projet-de-taxe-sur-les-fluides-frigorigenes-hfc-les-professionnels-unanimement-opposes-a-un-impot-supplementaire-incoherent\/#primaryimage\"},\"thumbnailUrl\":\"https:\/\/adc3r.com\/wp-content\/uploads\/2021\/10\/Capture-1.jpg\",\"articleSection\":[\"Tous\"],\"inLanguage\":\"en-GB\"},{\"@type\":\"Person\",\"@id\":\"https:\/\/adc3r.com\/#\/schema\/person\/9f77d2f7eb2c514ac6ced106872151ab\",\"name\":\"adc3redition\",\"url\":\"https:\/\/adc3r.com\/en\/author\/adc3redition\/\"}]}<\/script>\n<!-- \/ Yoast SEO plugin. -->","yoast_head_json":{"title":"adc3r - Projet de taxe sur les fluides frigorig\u00e8nes HFC : les professionnels unanimement oppos\u00e9s \u00e0 un imp\u00f4t suppl\u00e9mentaire incoh\u00e9rent","robots":{"index":"index","follow":"follow","max-snippet":"max-snippet:-1","max-image-preview":"max-image-preview:large","max-video-preview":"max-video-preview:-1"},"canonical":"https:\/\/adc3r.com\/en\/projet-de-taxe-sur-les-fluides-frigorigenes-hfc-les-professionnels-unanimement-opposes-a-un-impot-supplementaire-incoherent\/","og_locale":"en_GB","og_type":"article","og_title":"adc3r - Projet de taxe sur les fluides frigorig\u00e8nes HFC : les professionnels unanimement oppos\u00e9s \u00e0 un imp\u00f4t suppl\u00e9mentaire incoh\u00e9rent","og_description":"Communiqu\u00e9 de presse \u00e0 propos du projet de taxe sur les fluides frigorig\u00e8nes HFC","og_url":"https:\/\/adc3r.com\/en\/projet-de-taxe-sur-les-fluides-frigorigenes-hfc-les-professionnels-unanimement-opposes-a-un-impot-supplementaire-incoherent\/","og_site_name":"adc3r","article_publisher":"https:\/\/www.facebook.com\/ADC3R\/","article_published_time":"2017-09-25T13:00:00+00:00","article_modified_time":"2021-10-18T16:36:54+00:00","og_image":[{"width":630,"height":373,"url":"https:\/\/adc3r.com\/wp-content\/uploads\/2021\/10\/Capture-1.jpg","type":"image\/jpeg"}],"twitter_card":"summary_large_image","twitter_misc":{"Written by":"adc3redition"},"schema":{"@context":"https:\/\/schema.org","@graph":[{"@type":"Organization","@id":"https:\/\/adc3r.com\/#organization","name":"ADC3R","url":"https:\/\/adc3r.com\/","sameAs":["https:\/\/www.facebook.com\/ADC3R\/","https:\/\/www.linkedin.com\/company\/adc3r\/"],"logo":{"@type":"ImageObject","@id":"https:\/\/adc3r.com\/#logo","inLanguage":"en-GB","url":"https:\/\/adc3r.com\/wp-content\/uploads\/2021\/06\/cropped-Favicom-2.png","contentUrl":"https:\/\/adc3r.com\/wp-content\/uploads\/2021\/06\/cropped-Favicom-2.png","width":512,"height":512,"caption":"ADC3R"},"image":{"@id":"https:\/\/adc3r.com\/#logo"}},{"@type":"WebSite","@id":"https:\/\/adc3r.com\/#website","url":"https:\/\/adc3r.com\/","name":"adc3r","description":"ASSOCIATION DES DISTRIBUTEURS, CONDITIONNEURS,                             R\u00c9CUP\u00c9RATEURS, RETRAITEURS DE R\u00c9FRIG\u00c9RANTS","publisher":{"@id":"https:\/\/adc3r.com\/#organization"},"potentialAction":[{"@type":"SearchAction","target":{"@type":"EntryPoint","urlTemplate":"https:\/\/adc3r.com\/?s={search_term_string}"},"query-input":"required name=search_term_string"}],"inLanguage":"en-GB"},{"@type":"ImageObject","@id":"https:\/\/adc3r.com\/projet-de-taxe-sur-les-fluides-frigorigenes-hfc-les-professionnels-unanimement-opposes-a-un-impot-supplementaire-incoherent\/#primaryimage","inLanguage":"en-GB","url":"https:\/\/adc3r.com\/wp-content\/uploads\/2021\/10\/Capture-1.jpg","contentUrl":"https:\/\/adc3r.com\/wp-content\/uploads\/2021\/10\/Capture-1.jpg","width":630,"height":373},{"@type":"WebPage","@id":"https:\/\/adc3r.com\/projet-de-taxe-sur-les-fluides-frigorigenes-hfc-les-professionnels-unanimement-opposes-a-un-impot-supplementaire-incoherent\/#webpage","url":"https:\/\/adc3r.com\/projet-de-taxe-sur-les-fluides-frigorigenes-hfc-les-professionnels-unanimement-opposes-a-un-impot-supplementaire-incoherent\/","name":"adc3r - Projet de taxe sur les fluides frigorig\u00e8nes HFC : les professionnels unanimement oppos\u00e9s \u00e0 un imp\u00f4t suppl\u00e9mentaire incoh\u00e9rent","isPartOf":{"@id":"https:\/\/adc3r.com\/#website"},"primaryImageOfPage":{"@id":"https:\/\/adc3r.com\/projet-de-taxe-sur-les-fluides-frigorigenes-hfc-les-professionnels-unanimement-opposes-a-un-impot-supplementaire-incoherent\/#primaryimage"},"datePublished":"2017-09-25T13:00:00+00:00","dateModified":"2021-10-18T16:36:54+00:00","breadcrumb":{"@id":"https:\/\/adc3r.com\/projet-de-taxe-sur-les-fluides-frigorigenes-hfc-les-professionnels-unanimement-opposes-a-un-impot-supplementaire-incoherent\/#breadcrumb"},"inLanguage":"en-GB","potentialAction":[{"@type":"ReadAction","target":["https:\/\/adc3r.com\/projet-de-taxe-sur-les-fluides-frigorigenes-hfc-les-professionnels-unanimement-opposes-a-un-impot-supplementaire-incoherent\/"]}]},{"@type":"BreadcrumbList","@id":"https:\/\/adc3r.com\/projet-de-taxe-sur-les-fluides-frigorigenes-hfc-les-professionnels-unanimement-opposes-a-un-impot-supplementaire-incoherent\/#breadcrumb","itemListElement":[{"@type":"ListItem","position":1,"name":"Accueil","item":"https:\/\/adc3r.com\/"},{"@type":"ListItem","position":2,"name":"Projet de taxe sur les fluides frigorig\u00e8nes HFC : les professionnels unanimement oppos\u00e9s \u00e0 un imp\u00f4t suppl\u00e9mentaire incoh\u00e9rent"}]},{"@type":"Article","@id":"https:\/\/adc3r.com\/projet-de-taxe-sur-les-fluides-frigorigenes-hfc-les-professionnels-unanimement-opposes-a-un-impot-supplementaire-incoherent\/#article","isPartOf":{"@id":"https:\/\/adc3r.com\/projet-de-taxe-sur-les-fluides-frigorigenes-hfc-les-professionnels-unanimement-opposes-a-un-impot-supplementaire-incoherent\/#webpage"},"author":{"@id":"https:\/\/adc3r.com\/#\/schema\/person\/9f77d2f7eb2c514ac6ced106872151ab"},"headline":"Projet de taxe sur les fluides frigorig\u00e8nes HFC : les professionnels unanimement oppos\u00e9s \u00e0 un imp\u00f4t suppl\u00e9mentaire incoh\u00e9rent","datePublished":"2017-09-25T13:00:00+00:00","dateModified":"2021-10-18T16:36:54+00:00","mainEntityOfPage":{"@id":"https:\/\/adc3r.com\/projet-de-taxe-sur-les-fluides-frigorigenes-hfc-les-professionnels-unanimement-opposes-a-un-impot-supplementaire-incoherent\/#webpage"},"wordCount":36,"publisher":{"@id":"https:\/\/adc3r.com\/#organization"},"image":{"@id":"https:\/\/adc3r.com\/projet-de-taxe-sur-les-fluides-frigorigenes-hfc-les-professionnels-unanimement-opposes-a-un-impot-supplementaire-incoherent\/#primaryimage"},"thumbnailUrl":"https:\/\/adc3r.com\/wp-content\/uploads\/2021\/10\/Capture-1.jpg","articleSection":["Tous"],"inLanguage":"en-GB"},{"@type":"Person","@id":"https:\/\/adc3r.com\/#\/schema\/person\/9f77d2f7eb2c514ac6ced106872151ab","name":"adc3redition","url":"https:\/\/adc3r.com\/en\/author\/adc3redition\/"}]}},"_links":{"self":[{"href":"https:\/\/adc3r.com\/en\/wp-json\/wp\/v2\/posts\/726"}],"collection":[{"href":"https:\/\/adc3r.com\/en\/wp-json\/wp\/v2\/posts"}],"about":[{"href":"https:\/\/adc3r.com\/en\/wp-json\/wp\/v2\/types\/post"}],"author":[{"embeddable":true,"href":"https:\/\/adc3r.com\/en\/wp-json\/wp\/v2\/users\/2"}],"replies":[{"embeddable":true,"href":"https:\/\/adc3r.com\/en\/wp-json\/wp\/v2\/comments?post=726"}],"version-history":[{"count":4,"href":"https:\/\/adc3r.com\/en\/wp-json\/wp\/v2\/posts\/726\/revisions"}],"predecessor-version":[{"id":880,"href":"https:\/\/adc3r.com\/en\/wp-json\/wp\/v2\/posts\/726\/revisions\/880"}],"wp:featuredmedia":[{"embeddable":true,"href":"https:\/\/adc3r.com\/en\/wp-json\/wp\/v2\/media\/823"}],"wp:attachment":[{"href":"https:\/\/adc3r.com\/en\/wp-json\/wp\/v2\/media?parent=726"}],"wp:term":[{"taxonomy":"category","embeddable":true,"href":"https:\/\/adc3r.com\/en\/wp-json\/wp\/v2\/categories?post=726"},{"taxonomy":"post_tag","embeddable":true,"href":"https:\/\/adc3r.com\/en\/wp-json\/wp\/v2\/tags?post=726"}],"curies":[{"name":"wp","href":"https:\/\/api.w.org\/{rel}","templated":true}]}}